{"id":7289,"date":"2024-09-08T18:52:53","date_gmt":"2024-09-08T16:52:53","guid":{"rendered":"https:\/\/www.stukenbrock-senne.de\/wordpress\/?p=7289"},"modified":"2024-09-08T18:52:53","modified_gmt":"2024-09-08T16:52:53","slug":"heidebluete-taucht-landschaft-der-senne-in-lila","status":"publish","type":"post","link":"https:\/\/www.stukenbrock-senne.de\/wordpress\/?p=7289","title":{"rendered":"Heidebl\u00fcte taucht Landschaft der Senne in Lila"},"content":{"rendered":"<p><a href=\"https:\/\/www.die-glocke.de\/regionales\/artikel\/heidebluete-taucht-landschaft-der-senne-in-lila-1725622810\" target=\"_blank\" rel=\"noopener noreferrer\"><big><b>Heidebl\u00fcte taucht Landschaft der Senne in Lila<\/b><\/big><br \/>Bis in den sp\u00e4ten September hinein ist die Landschaft der Senne in ein violettes Licht getaucht. Die Heidebl\u00fcte lockt zahlreiche Besucher<br \/>(Die Glocke, 8. September 2024)<\/a><\/p>\n","protected":false},"excerpt":{"rendered":"<p>Heidebl\u00fcte taucht Landschaft der Senne in LilaBis in den sp\u00e4ten September hinein ist die Landschaft der Senne in ein violettes Licht getaucht. Die Heidebl\u00fcte lockt zahlreiche Besucher(Die Glocke, 8. September &hellip; <a href=\"https:\/\/www.stukenbrock-senne.de\/wordpress\/?p=7289\" class=\"more-link\"><span class=\"screen-reader-text\">Heidebl\u00fcte taucht Landschaft der Senne in Lila<\/span> weiterlesen <span class=\"meta-nav\">&rarr;<\/span><\/a><\/p>\n","protected":false},"author":1,"featured_media":0,"comment_status":"closed","ping_status":"closed","sticky":false,"template":"","format":"aside","meta":{"footnotes":""},"categories":[198],"tags":[45,92],"class_list":["post-7289","post","type-post","status-publish","format-aside","hentry","category-presseberichte-iii-2024","tag-emsquellen","tag-moosheide","post_format-post-format-aside"],"yoast_head":"<!-- This site is optimized with the Yoast SEO plugin v27.5 - https:\/\/yoast.com\/product\/yoast-seo-wordpress\/ -->\n<title>Heidebl\u00fcte taucht Landschaft der Senne in Lila - Stukenbrock-Senne<\/title>\n<meta name=\"robots\" content=\"index, follow, max-snippet:-1, max-image-preview:large, max-video-preview:-1\" \/>\n<link rel=\"canonical\" href=\"https:\/\/www.stukenbrock-senne.de\/wordpress\/?p=7289\" \/>\n<meta property=\"og:locale\" content=\"de_DE\" \/>\n<meta property=\"og:type\" content=\"article\" \/>\n<meta property=\"og:title\" content=\"Heidebl\u00fcte taucht Landschaft der Senne in Lila - Stukenbrock-Senne\" \/>\n<meta property=\"og:description\" content=\"Heidebl\u00fcte taucht Landschaft der Senne in LilaBis in den sp\u00e4ten September hinein ist die Landschaft der Senne in ein violettes Licht getaucht. Die Heidebl\u00fcte lockt zahlreiche Besucher(Die Glocke, 8. September &hellip; Heidebl\u00fcte taucht Landschaft der Senne in Lila weiterlesen &rarr;\" \/>\n<meta property=\"og:url\" content=\"https:\/\/www.stukenbrock-senne.de\/wordpress\/?p=7289\" \/>\n<meta property=\"og:site_name\" content=\"Stukenbrock-Senne\" \/>\n<meta property=\"article:published_time\" content=\"2024-09-08T16:52:53+00:00\" \/>\n<meta name=\"author\" content=\"admin\" \/>\n<meta name=\"twitter:card\" content=\"summary_large_image\" \/>\n<meta name=\"twitter:label1\" content=\"Verfasst von\" \/>\n\t<meta name=\"twitter:data1\" content=\"admin\" \/>\n<script type=\"application\/ld+json\" class=\"yoast-schema-graph\">{\"@context\":\"https:\\\/\\\/schema.org\",\"@graph\":[{\"@type\":\"Article\",\"@id\":\"https:\\\/\\\/www.stukenbrock-senne.de\\\/wordpress\\\/?p=7289#article\",\"isPartOf\":{\"@id\":\"https:\\\/\\\/www.stukenbrock-senne.de\\\/wordpress\\\/?p=7289\"},\"author\":{\"name\":\"admin\",\"@id\":\"https:\\\/\\\/www.stukenbrock-senne.de\\\/wordpress\\\/#\\\/schema\\\/person\\\/d7536fc39125a8d4a2f8af0838becaa2\"},\"headline\":\"Heidebl\u00fcte taucht Landschaft der Senne in Lila\",\"datePublished\":\"2024-09-08T16:52:53+00:00\",\"mainEntityOfPage\":{\"@id\":\"https:\\\/\\\/www.stukenbrock-senne.de\\\/wordpress\\\/?p=7289\"},\"wordCount\":42,\"keywords\":[\"Emsquellen\",\"Moosheide\"],\"articleSection\":[\"Presseberichte III\\\/2024\"],\"inLanguage\":\"de\"},{\"@type\":\"WebPage\",\"@id\":\"https:\\\/\\\/www.stukenbrock-senne.de\\\/wordpress\\\/?p=7289\",\"url\":\"https:\\\/\\\/www.stukenbrock-senne.de\\\/wordpress\\\/?p=7289\",\"name\":\"Heidebl\u00fcte taucht Landschaft der Senne in Lila - Stukenbrock-Senne\",\"isPartOf\":{\"@id\":\"https:\\\/\\\/www.stukenbrock-senne.de\\\/wordpress\\\/#website\"},\"datePublished\":\"2024-09-08T16:52:53+00:00\",\"author\":{\"@id\":\"https:\\\/\\\/www.stukenbrock-senne.de\\\/wordpress\\\/#\\\/schema\\\/person\\\/d7536fc39125a8d4a2f8af0838becaa2\"},\"breadcrumb\":{\"@id\":\"https:\\\/\\\/www.stukenbrock-senne.de\\\/wordpress\\\/?p=7289#breadcrumb\"},\"inLanguage\":\"de\",\"potentialAction\":[{\"@type\":\"ReadAction\",\"target\":[\"https:\\\/\\\/www.stukenbrock-senne.de\\\/wordpress\\\/?p=7289\"]}]},{\"@type\":\"BreadcrumbList\",\"@id\":\"https:\\\/\\\/www.stukenbrock-senne.de\\\/wordpress\\\/?p=7289#breadcrumb\",\"itemListElement\":[{\"@type\":\"ListItem\",\"position\":1,\"name\":\"Startseite\",\"item\":\"https:\\\/\\\/www.stukenbrock-senne.de\\\/wordpress\\\/\"},{\"@type\":\"ListItem\",\"position\":2,\"name\":\"Heidebl\u00fcte taucht Landschaft der Senne in Lila\"}]},{\"@type\":\"WebSite\",\"@id\":\"https:\\\/\\\/www.stukenbrock-senne.de\\\/wordpress\\\/#website\",\"url\":\"https:\\\/\\\/www.stukenbrock-senne.de\\\/wordpress\\\/\",\"name\":\"Stukenbrock-Senne\",\"description\":\"Naturerlebnis Sennelandschaft und Emsquellen\",\"potentialAction\":[{\"@type\":\"SearchAction\",\"target\":{\"@type\":\"EntryPoint\",\"urlTemplate\":\"https:\\\/\\\/www.stukenbrock-senne.de\\\/wordpress\\\/?s={search_term_string}\"},\"query-input\":{\"@type\":\"PropertyValueSpecification\",\"valueRequired\":true,\"valueName\":\"search_term_string\"}}],\"inLanguage\":\"de\"},{\"@type\":\"Person\",\"@id\":\"https:\\\/\\\/www.stukenbrock-senne.de\\\/wordpress\\\/#\\\/schema\\\/person\\\/d7536fc39125a8d4a2f8af0838becaa2\",\"name\":\"admin\",\"image\":{\"@type\":\"ImageObject\",\"inLanguage\":\"de\",\"@id\":\"https:\\\/\\\/secure.gravatar.com\\\/avatar\\\/0cc41854d70afcbbe0dcd8f960c84e2839ffe3a602c9b037ff2cb8718f829712?s=96&d=mm&r=g\",\"url\":\"https:\\\/\\\/secure.gravatar.com\\\/avatar\\\/0cc41854d70afcbbe0dcd8f960c84e2839ffe3a602c9b037ff2cb8718f829712?s=96&d=mm&r=g\",\"contentUrl\":\"https:\\\/\\\/secure.gravatar.com\\\/avatar\\\/0cc41854d70afcbbe0dcd8f960c84e2839ffe3a602c9b037ff2cb8718f829712?s=96&d=mm&r=g\",\"caption\":\"admin\"},\"url\":\"https:\\\/\\\/www.stukenbrock-senne.de\\\/wordpress\\\/?author=1\"}]}<\/script>\n<!-- \/ Yoast SEO plugin. -->","yoast_head_json":{"title":"Heidebl\u00fcte taucht Landschaft der Senne in Lila - Stukenbrock-Senne","robots":{"index":"index","follow":"follow","max-snippet":"max-snippet:-1","max-image-preview":"max-image-preview:large","max-video-preview":"max-video-preview:-1"},"canonical":"https:\/\/www.stukenbrock-senne.de\/wordpress\/?p=7289","og_locale":"de_DE","og_type":"article","og_title":"Heidebl\u00fcte taucht Landschaft der Senne in Lila - Stukenbrock-Senne","og_description":"Heidebl\u00fcte taucht Landschaft der Senne in LilaBis in den sp\u00e4ten September hinein ist die Landschaft der Senne in ein violettes Licht getaucht. Die Heidebl\u00fcte lockt zahlreiche Besucher(Die Glocke, 8. September &hellip; Heidebl\u00fcte taucht Landschaft der Senne in Lila weiterlesen &rarr;","og_url":"https:\/\/www.stukenbrock-senne.de\/wordpress\/?p=7289","og_site_name":"Stukenbrock-Senne","article_published_time":"2024-09-08T16:52:53+00:00","author":"admin","twitter_card":"summary_large_image","twitter_misc":{"Verfasst von":"admin"},"schema":{"@context":"https:\/\/schema.org","@graph":[{"@type":"Article","@id":"https:\/\/www.stukenbrock-senne.de\/wordpress\/?p=7289#article","isPartOf":{"@id":"https:\/\/www.stukenbrock-senne.de\/wordpress\/?p=7289"},"author":{"name":"admin","@id":"https:\/\/www.stukenbrock-senne.de\/wordpress\/#\/schema\/person\/d7536fc39125a8d4a2f8af0838becaa2"},"headline":"Heidebl\u00fcte taucht Landschaft der Senne in Lila","datePublished":"2024-09-08T16:52:53+00:00","mainEntityOfPage":{"@id":"https:\/\/www.stukenbrock-senne.de\/wordpress\/?p=7289"},"wordCount":42,"keywords":["Emsquellen","Moosheide"],"articleSection":["Presseberichte III\/2024"],"inLanguage":"de"},{"@type":"WebPage","@id":"https:\/\/www.stukenbrock-senne.de\/wordpress\/?p=7289","url":"https:\/\/www.stukenbrock-senne.de\/wordpress\/?p=7289","name":"Heidebl\u00fcte taucht Landschaft der Senne in Lila - Stukenbrock-Senne","isPartOf":{"@id":"https:\/\/www.stukenbrock-senne.de\/wordpress\/#website"},"datePublished":"2024-09-08T16:52:53+00:00","author":{"@id":"https:\/\/www.stukenbrock-senne.de\/wordpress\/#\/schema\/person\/d7536fc39125a8d4a2f8af0838becaa2"},"breadcrumb":{"@id":"https:\/\/www.stukenbrock-senne.de\/wordpress\/?p=7289#breadcrumb"},"inLanguage":"de","potentialAction":[{"@type":"ReadAction","target":["https:\/\/www.stukenbrock-senne.de\/wordpress\/?p=7289"]}]},{"@type":"BreadcrumbList","@id":"https:\/\/www.stukenbrock-senne.de\/wordpress\/?p=7289#breadcrumb","itemListElement":[{"@type":"ListItem","position":1,"name":"Startseite","item":"https:\/\/www.stukenbrock-senne.de\/wordpress\/"},{"@type":"ListItem","position":2,"name":"Heidebl\u00fcte taucht Landschaft der Senne in Lila"}]},{"@type":"WebSite","@id":"https:\/\/www.stukenbrock-senne.de\/wordpress\/#website","url":"https:\/\/www.stukenbrock-senne.de\/wordpress\/","name":"Stukenbrock-Senne","description":"Naturerlebnis Sennelandschaft und Emsquellen","potentialAction":[{"@type":"SearchAction","target":{"@type":"EntryPoint","urlTemplate":"https:\/\/www.stukenbrock-senne.de\/wordpress\/?s={search_term_string}"},"query-input":{"@type":"PropertyValueSpecification","valueRequired":true,"valueName":"search_term_string"}}],"inLanguage":"de"},{"@type":"Person","@id":"https:\/\/www.stukenbrock-senne.de\/wordpress\/#\/schema\/person\/d7536fc39125a8d4a2f8af0838becaa2","name":"admin","image":{"@type":"ImageObject","inLanguage":"de","@id":"https:\/\/secure.gravatar.com\/avatar\/0cc41854d70afcbbe0dcd8f960c84e2839ffe3a602c9b037ff2cb8718f829712?s=96&d=mm&r=g","url":"https:\/\/secure.gravatar.com\/avatar\/0cc41854d70afcbbe0dcd8f960c84e2839ffe3a602c9b037ff2cb8718f829712?s=96&d=mm&r=g","contentUrl":"https:\/\/secure.gravatar.com\/avatar\/0cc41854d70afcbbe0dcd8f960c84e2839ffe3a602c9b037ff2cb8718f829712?s=96&d=mm&r=g","caption":"admin"},"url":"https:\/\/www.stukenbrock-senne.de\/wordpress\/?author=1"}]}},"_links":{"self":[{"href":"https:\/\/www.stukenbrock-senne.de\/wordpress\/index.php?rest_route=\/wp\/v2\/posts\/7289","targetHints":{"allow":["GET"]}}],"collection":[{"href":"https:\/\/www.stukenbrock-senne.de\/wordpress\/index.php?rest_route=\/wp\/v2\/posts"}],"about":[{"href":"https:\/\/www.stukenbrock-senne.de\/wordpress\/index.php?rest_route=\/wp\/v2\/types\/post"}],"author":[{"embeddable":true,"href":"https:\/\/www.stukenbrock-senne.de\/wordpress\/index.php?rest_route=\/wp\/v2\/users\/1"}],"replies":[{"embeddable":true,"href":"https:\/\/www.stukenbrock-senne.de\/wordpress\/index.php?rest_route=%2Fwp%2Fv2%2Fcomments&post=7289"}],"version-history":[{"count":1,"href":"https:\/\/www.stukenbrock-senne.de\/wordpress\/index.php?rest_route=\/wp\/v2\/posts\/7289\/revisions"}],"predecessor-version":[{"id":7290,"href":"https:\/\/www.stukenbrock-senne.de\/wordpress\/index.php?rest_route=\/wp\/v2\/posts\/7289\/revisions\/7290"}],"wp:attachment":[{"href":"https:\/\/www.stukenbrock-senne.de\/wordpress\/index.php?rest_route=%2Fwp%2Fv2%2Fmedia&parent=7289"}],"wp:term":[{"taxonomy":"category","embeddable":true,"href":"https:\/\/www.stukenbrock-senne.de\/wordpress\/index.php?rest_route=%2Fwp%2Fv2%2Fcategories&post=7289"},{"taxonomy":"post_tag","embeddable":true,"href":"https:\/\/www.stukenbrock-senne.de\/wordpress\/index.php?rest_route=%2Fwp%2Fv2%2Ftags&post=7289"}],"curies":[{"name":"wp","href":"https:\/\/api.w.org\/{rel}","templated":true}]}}