{"id":8683,"global_id":"www.stukenbrock-senne.de\/wordpress?id=8683","global_id_lineage":["www.stukenbrock-senne.de\/wordpress?id=8683"],"author":"1","status":"publish","date":"2026-09-03 01:28:32","date_utc":"2026-09-02 23:28:32","modified":"2026-09-03 01:35:50","modified_utc":"2026-09-02 23:35:50","url":"https:\/\/www.stukenbrock-senne.de\/wordpress\/?tribe_events=auftaktveranstaltung-immobilienstrategie","rest_url":"https:\/\/www.stukenbrock-senne.de\/wordpress\/index.php?rest_route=\/tribe\/events\/v1\/events\/8683","title":"Auftaktveranstaltung &#8222;Immobilienstrategie&#8220;","description":"<p>Mitte 2026 haben sich das erste Mal Vertreter der Kirchengemeinden des Pastoralen Raums Am \u00d6lbach und des Erzbisch\u00f6flichen Gegenralvikariats zum Prozessauftakt &#8222;Immobilienstrategie&#8220; getroffen. Wie den Medien zu entnehmen war, m\u00fcssen sich die Verantwortlichen auch in unserem Pastoralen Raum Gedanken machen, welche kirchlichen Angebote zuk\u00fcnftig noch angeboten werden sollen aber auch angeboten werden k\u00f6nnen und welche Geb\u00e4ude hierf\u00fcr ben\u00f6tigt werden.<\/p>\n<p>Um die Gemeindemitglieder fr\u00fchzeitig in den Prozess einzubinden und ihnen die Gr\u00fcnde, die n\u00e4chsten Schritte sowie den geplanten zeitlichen Rahmen erl\u00e4utern zu k\u00f6nnen, aber auch, um vermutlich viele Fragen zu beantworten, wird zur Auftaktveranstaltung am 8. September um 19:30 Uhr in St. Marien Kaunitz herzlich eingeladen. Dort wird das Prozessteam die Anwesenden herzlich begr\u00fc\u00dfen und durch den Abend f\u00fchren. Eine Anmeldung zu dieser Auftaktveranstaltung ist nicht notwendig.<\/p>\n<p><img decoding=\"async\" src=\"https:\/\/www.stukenbrock-senne.de\/wordpress\/wp-content\/uploads\/2026\/09\/auftakt.jpg\" width=100%><\/p>","excerpt":"","slug":"auftaktveranstaltung-immobilienstrategie","image":false,"all_day":false,"start_date":"2026-09-08 19:30:00","start_date_details":{"year":"2026","month":"09","day":"08","hour":"19","minutes":"30","seconds":"00"},"end_date":"2026-09-08 21:30:00","end_date_details":{"year":"2026","month":"09","day":"08","hour":"21","minutes":"30","seconds":"00"},"utc_start_date":"2026-09-08 17:30:00","utc_start_date_details":{"year":"2026","month":"09","day":"08","hour":"17","minutes":"30","seconds":"00"},"utc_end_date":"2026-09-08 19:30:00","utc_end_date_details":{"year":"2026","month":"09","day":"08","hour":"19","minutes":"30","seconds":"00"},"timezone":"Europe\/Berlin","timezone_abbr":"CEST","cost":"","cost_details":{"currency_symbol":"\u20ac","currency_code":"EUR","currency_position":"suffix","values":[]},"website":"","show_map":true,"show_map_link":true,"hide_from_listings":false,"sticky":false,"featured":false,"categories":[],"tags":[],"venue":{"id":8684,"author":"1","status":"publish","date":"2026-09-03 01:28:33","date_utc":"2026-09-02 23:28:33","modified":"2026-09-03 01:28:33","modified_utc":"2026-09-02 23:28:33","url":"https:\/\/www.stukenbrock-senne.de\/wordpress\/?tribe_venue=pfarrheim-st-marien-kaunitz","venue":"Pfarrheim St. Marien Kaunitz","slug":"pfarrheim-st-marien-kaunitz","address":"F\u00fcrst-Wenzel-Platz 9","city":"Verl","country":"Germany","zip":"33415","phone":"05246 3486","json_ld":{"@type":"Place","name":"Pfarrheim St. Marien Kaunitz","description":"","url":"","address":{"@type":"PostalAddress","streetAddress":"F\u00fcrst-Wenzel-Platz 9","addressLocality":"Verl","postalCode":"33415","addressCountry":"Germany"},"telephone":"05246 3486","sameAs":""},"show_map":true,"show_map_link":true,"global_id":"www.stukenbrock-senne.de\/wordpress?id=8684","global_id_lineage":["www.stukenbrock-senne.de\/wordpress?id=8684"]},"organizer":[{"id":1796,"author":"1","status":"publish","date":"2018-06-11 20:25:14","date_utc":"2018-06-11 18:25:14","modified":"2018-06-11 20:25:14","modified_utc":"2018-06-11 18:25:14","url":"https:\/\/www.stukenbrock-senne.de\/wordpress\/?tribe_organizer=katholische-kirchengemeinde-st-achatius","organizer":"Katholische Kirchengemeinde St. Achatius","slug":"katholische-kirchengemeinde-st-achatius","phone":"05207-3366","website":"http:\/\/www.st-achatius-senne.de","email":"pfarrbuero@st-achatius-senne.de","json_ld":{"@type":"Person","name":"Katholische Kirchengemeinde St. Achatius","description":"","url":"http:\/\/www.st-achatius-senne.de","telephone":"05207-3366","email":"pf&#97;r&#114;&#98;&#117;&#101;&#114;o&#64;s&#116;&#45;&#97;cha&#116;i&#117;&#115;-se&#110;&#110;&#101;.&#100;e","sameAs":"http:\/\/www.st-achatius-senne.de"},"global_id":"www.stukenbrock-senne.de\/wordpress?id=1796","global_id_lineage":["www.stukenbrock-senne.de\/wordpress?id=1796"]}],"custom_fields":[],"json_ld":{"@context":"http:\/\/schema.org","@type":"Event","name":"Auftaktveranstaltung &#8222;Immobilienstrategie&#8220;","description":"&lt;p&gt;Mitte 2026 haben sich das erste Mal Vertreter der Kirchengemeinden des Pastoralen Raums Am \u00d6lbach und des Erzbisch\u00f6flichen Gegenralvikariats zum Prozessauftakt &quot;Immobilienstrategie&quot; getroffen. Wie den Medien zu entnehmen war, m\u00fcssen &hellip; &lt;a href=&quot;https:\/\/www.stukenbrock-senne.de\/wordpress\/?tribe_events=auftaktveranstaltung-immobilienstrategie&quot; class=&quot;more-link&quot;&gt;&lt;span class=&quot;screen-reader-text&quot;&gt;Auftaktveranstaltung &#8222;Immobilienstrategie&#8220;&lt;\/span&gt; weiterlesen &lt;span class=&quot;meta-nav&quot;&gt;&rarr;&lt;\/span&gt;&lt;\/a&gt;&lt;\/p&gt;\\n","url":"https:\/\/www.stukenbrock-senne.de\/wordpress\/?tribe_events=auftaktveranstaltung-immobilienstrategie","eventAttendanceMode":"https:\/\/schema.org\/OfflineEventAttendanceMode","eventStatus":"https:\/\/schema.org\/EventScheduled","startDate":"2026-09-08T19:30:00+02:00","endDate":"2026-09-08T21:30:00+02:00","location":{"@type":"Place","name":"Pfarrheim St. Marien Kaunitz","description":"","url":"","address":{"@type":"PostalAddress","streetAddress":"F\u00fcrst-Wenzel-Platz 9","addressLocality":"Verl","postalCode":"33415","addressCountry":"Germany"},"telephone":"05246 3486","sameAs":""},"organizer":{"@type":"Person","name":"Katholische Kirchengemeinde St. Achatius","description":"","url":"http:\/\/www.st-achatius-senne.de","telephone":"05207-3366","email":"pfarr&#98;&#117;&#101;&#114;o&#64;s&#116;-&#97;&#99;&#104;&#97;&#116;ius&#45;senn&#101;&#46;d&#101;","sameAs":"http:\/\/www.st-achatius-senne.de"},"performer":"Organization"}}