{"id":6724,"global_id":"www.stukenbrock-senne.de\/wordpress?id=6724","global_id_lineage":["www.stukenbrock-senne.de\/wordpress?id=6724"],"author":"1","status":"publish","date":"2024-01-21 13:05:12","date_utc":"2024-01-21 12:05:12","modified":"2024-03-22 08:42:28","modified_utc":"2024-03-22 07:42:28","url":"https:\/\/www.stukenbrock-senne.de\/wordpress\/?tribe_events=osterfeuer-der-jungschuetzen-3","rest_url":"https:\/\/www.stukenbrock-senne.de\/wordpress\/index.php?rest_route=\/tribe\/events\/v1\/events\/6724","title":"Osterfeuer der Jungsch\u00fctzen","description":"<p><img decoding=\"async\" src=\"https:\/\/www.stukenbrock-senne.de\/wordpress\/wp-content\/uploads\/2024\/03\/osterfeuer2024.jpg\"><\/p>","excerpt":"","slug":"osterfeuer-der-jungschuetzen-3","image":false,"all_day":false,"start_date":"2024-03-31 18:30:00","start_date_details":{"year":"2024","month":"03","day":"31","hour":"18","minutes":"30","seconds":"00"},"end_date":"2024-03-31 23:30:00","end_date_details":{"year":"2024","month":"03","day":"31","hour":"23","minutes":"30","seconds":"00"},"utc_start_date":"2024-03-31 16:30:00","utc_start_date_details":{"year":"2024","month":"03","day":"31","hour":"16","minutes":"30","seconds":"00"},"utc_end_date":"2024-03-31 21:30:00","utc_end_date_details":{"year":"2024","month":"03","day":"31","hour":"21","minutes":"30","seconds":"00"},"timezone":"Europe\/Berlin","timezone_abbr":"CEST","cost":"","cost_details":{"currency_symbol":"","currency_code":"","currency_position":"suffix","values":[]},"website":"","show_map":true,"show_map_link":true,"hide_from_listings":false,"sticky":false,"featured":false,"categories":[],"tags":[],"venue":{"id":1640,"author":"1","status":"publish","date":"2018-03-31 12:37:51","date_utc":"2018-03-31 10:37:51","modified":"2019-04-14 20:48:46","modified_utc":"2019-04-14 19:48:46","url":"https:\/\/www.stukenbrock-senne.de\/wordpress\/?tribe_venue=osterfeuer-gelaende-bei-fam-wulf","venue":"Osterfeuer-Gel\u00e4nde bei Fam. Wulf","slug":"osterfeuer-gelaende-bei-fam-wulf","address":"Hubertusweg 4 c","city":"Schlo\u00df Holte-Stukenbrock","country":"Deutschland","zip":"33758","json_ld":{"@type":"Place","name":"Osterfeuer-Gel\u00e4nde bei Fam. Wulf","description":"","url":"","address":{"@type":"PostalAddress","streetAddress":"Hubertusweg 4 c","addressLocality":"Schlo\u00df Holte-Stukenbrock","postalCode":"33758","addressCountry":"Deutschland"},"telephone":"","sameAs":""},"show_map":true,"show_map_link":true,"global_id":"www.stukenbrock-senne.de\/wordpress?id=1640","global_id_lineage":["www.stukenbrock-senne.de\/wordpress?id=1640"]},"organizer":[{"id":1302,"author":"1","status":"publish","date":"2017-12-30 22:06:16","date_utc":"2017-12-30 20:06:16","modified":"2017-12-30 22:06:16","modified_utc":"2017-12-30 20:06:16","url":"https:\/\/www.stukenbrock-senne.de\/wordpress\/?tribe_organizer=jungschuetzen-st-achatius","organizer":"Jungsch\u00fctzen St. Achatius","slug":"jungschuetzen-st-achatius","website":"www.stukenbrock-senne.de\/achatius\/?page_id=18","json_ld":{"@type":"Person","name":"Jungsch\u00fctzen St. Achatius","description":"","url":"http:\/\/www.stukenbrock-senne.de\/achatius\/?page_id=18","telephone":"","email":"","sameAs":"http:\/\/www.stukenbrock-senne.de\/achatius\/?page_id=18"},"global_id":"www.stukenbrock-senne.de\/wordpress?id=1302","global_id_lineage":["www.stukenbrock-senne.de\/wordpress?id=1302"]}],"custom_fields":[],"json_ld":{"@context":"http:\/\/schema.org","@type":"Event","name":"Osterfeuer der Jungsch\u00fctzen","description":"","url":"https:\/\/www.stukenbrock-senne.de\/wordpress\/?tribe_events=osterfeuer-der-jungschuetzen-3","eventAttendanceMode":"https:\/\/schema.org\/OfflineEventAttendanceMode","eventStatus":"https:\/\/schema.org\/EventScheduled","startDate":"2024-03-31T18:30:00+02:00","endDate":"2024-03-31T23:30:00+02:00","location":{"@type":"Place","name":"Osterfeuer-Gel\u00e4nde bei Fam. Wulf","description":"","url":"","address":{"@type":"PostalAddress","streetAddress":"Hubertusweg 4 c","addressLocality":"Schlo\u00df Holte-Stukenbrock","postalCode":"33758","addressCountry":"Deutschland"},"telephone":"","sameAs":""},"organizer":{"@type":"Person","name":"Jungsch\u00fctzen St. Achatius","description":"","url":"http:\/\/www.stukenbrock-senne.de\/achatius\/?page_id=18","telephone":"","email":"","sameAs":"http:\/\/www.stukenbrock-senne.de\/achatius\/?page_id=18"},"performer":"Organization"}}