{"id":5829,"global_id":"www.stukenbrock-senne.de\/wordpress?id=5829","global_id_lineage":["www.stukenbrock-senne.de\/wordpress?id=5829"],"author":"1","status":"publish","date":"2023-02-17 10:03:23","date_utc":"2023-02-17 09:03:23","modified":"2023-03-03 07:46:31","modified_utc":"2023-03-03 06:46:31","url":"https:\/\/www.stukenbrock-senne.de\/wordpress\/?tribe_events=fussballcamp-beim-psv","rest_url":"https:\/\/www.stukenbrock-senne.de\/wordpress\/index.php?rest_route=\/tribe\/events\/v1\/events\/5829","title":"Fu\u00dfballcamp beim PSV","description":"<p>Nach der erfolgreichen Premiere im vergangenen Herbst, veranstaltet der PSV Stukenbrock-Senne, in Kooperation mit der Fu\u00dfballfabrik OWL, auch in diesem Jahr wieder ein Fu\u00dfballcamp f\u00fcr alle Kinder zwischen 5 und 15 Jahren.<\/p>\n<p>Am letzten Wochenende der Osterferien, vom 14.04. \u2013 16.04.2023 dreht sich auf der Senne-Alm alles um \u201eTraining.Lernen.Leben\u201c!<\/p>\n<p>Neben t\u00e4glichen Trainingseinheiten vermittelt ein qualifiziertes Trainerteam in Workshops Werte wie Teamgeist oder Fairplay und kl\u00e4rt \u00fcber Themen wie Ern\u00e4hrung, Selbstst\u00e4ndigkeit, Mobbing und den Umgang mit sozialen Medien auf.<\/p>\n<p>Weitere Infos und die Anmeldung findet ihr unter www.fussballfarbrik.com<br \/>\nAnsprechpartner des PSV ist Dominik Mennewisch \/ Tel.: 0151 \u2013 56 763 166<\/p>\n<p><img decoding=\"async\" src=\"https:\/\/www.stukenbrock-senne.de\/wordpress\/wp-content\/uploads\/2023\/02\/IMG-20230217-WA0000.jpg\"><\/p>","excerpt":"","slug":"fussballcamp-beim-psv","image":false,"all_day":false,"start_date":"2023-04-14 09:00:00","start_date_details":{"year":"2023","month":"04","day":"14","hour":"09","minutes":"00","seconds":"00"},"end_date":"2023-04-16 16:00:00","end_date_details":{"year":"2023","month":"04","day":"16","hour":"16","minutes":"00","seconds":"00"},"utc_start_date":"2023-04-14 07:00:00","utc_start_date_details":{"year":"2023","month":"04","day":"14","hour":"07","minutes":"00","seconds":"00"},"utc_end_date":"2023-04-16 14:00:00","utc_end_date_details":{"year":"2023","month":"04","day":"16","hour":"14","minutes":"00","seconds":"00"},"timezone":"Europe\/Berlin","timezone_abbr":"CEST","cost":"","cost_details":{"currency_symbol":"","currency_code":"","currency_position":"suffix","values":[]},"website":"","show_map":true,"show_map_link":true,"hide_from_listings":false,"sticky":false,"featured":false,"categories":[],"tags":[],"venue":{"id":1383,"author":"1","status":"publish","date":"2018-01-15 23:50:08","date_utc":"2018-01-15 21:50:08","modified":"2018-01-15 23:50:08","modified_utc":"2018-01-15 21:50:08","url":"https:\/\/www.stukenbrock-senne.de\/wordpress\/?tribe_venue=sportanlage-senne-alm","venue":"Sportanlage &#8222;Senne-Alm&#8220;","slug":"sportanlage-senne-alm","address":"Lippst\u00e4dter Weg 96","city":"Schlo\u00df Holte-Stukenbrock","website":"http:\/\/psv-stukenbrock-senne.de\/locations\/senne-alm\/","json_ld":{"@type":"Place","name":"Sportanlage &#8222;Senne-Alm&#8220;","description":"","url":"","address":{"@type":"PostalAddress","streetAddress":"Lippst\u00e4dter Weg 96","addressLocality":"Schlo\u00df Holte-Stukenbrock"},"telephone":"","sameAs":"http:\/\/psv-stukenbrock-senne.de\/locations\/senne-alm\/"},"show_map":true,"show_map_link":true,"global_id":"www.stukenbrock-senne.de\/wordpress?id=1383","global_id_lineage":["www.stukenbrock-senne.de\/wordpress?id=1383"]},"organizer":[{"id":1374,"author":"1","status":"publish","date":"2018-01-15 23:23:43","date_utc":"2018-01-15 21:23:43","modified":"2018-01-15 23:23:43","modified_utc":"2018-01-15 21:23:43","url":"https:\/\/www.stukenbrock-senne.de\/wordpress\/?tribe_organizer=psv-stukenbrock-senne-e-v-abteilung-fussball","organizer":"PSV Stukenbrock-Senne e. V. Abteilung Fu\u00dfball","slug":"psv-stukenbrock-senne-e-v-abteilung-fussball","website":"http:\/\/psv-stukenbrock-senne.de\/fussball\/","email":"vorstand@wir-sind-senne.de","json_ld":{"@type":"Person","name":"PSV Stukenbrock-Senne e. V. Abteilung Fu\u00dfball","description":"","url":"http:\/\/psv-stukenbrock-senne.de\/fussball\/","telephone":"","email":"vo&#114;stan&#100;&#64;&#119;&#105;&#114;-si&#110;d&#45;s&#101;nn&#101;&#46;&#100;e","sameAs":"http:\/\/psv-stukenbrock-senne.de\/fussball\/"},"global_id":"www.stukenbrock-senne.de\/wordpress?id=1374","global_id_lineage":["www.stukenbrock-senne.de\/wordpress?id=1374"]}],"custom_fields":[],"json_ld":{"@context":"http:\/\/schema.org","@type":"Event","name":"Fu\u00dfballcamp beim PSV","description":"&lt;p&gt;Nach der erfolgreichen Premiere im vergangenen Herbst, veranstaltet der PSV Stukenbrock-Senne, in Kooperation mit der Fu\u00dfballfabrik OWL, auch in diesem Jahr wieder ein Fu\u00dfballcamp f\u00fcr alle Kinder zwischen 5 und &hellip; &lt;a href=&quot;https:\/\/www.stukenbrock-senne.de\/wordpress\/?tribe_events=fussballcamp-beim-psv&quot; class=&quot;more-link&quot;&gt;&lt;span class=&quot;screen-reader-text&quot;&gt;Fu\u00dfballcamp beim PSV&lt;\/span&gt; weiterlesen &lt;span class=&quot;meta-nav&quot;&gt;&rarr;&lt;\/span&gt;&lt;\/a&gt;&lt;\/p&gt;\\n","url":"https:\/\/www.stukenbrock-senne.de\/wordpress\/?tribe_events=fussballcamp-beim-psv","eventAttendanceMode":"https:\/\/schema.org\/OfflineEventAttendanceMode","eventStatus":"https:\/\/schema.org\/EventScheduled","startDate":"2023-04-14T09:00:00+02:00","endDate":"2023-04-16T16:00:00+02:00","location":{"@type":"Place","name":"Sportanlage &#8222;Senne-Alm&#8220;","description":"","url":"","address":{"@type":"PostalAddress","streetAddress":"Lippst\u00e4dter Weg 96","addressLocality":"Schlo\u00df Holte-Stukenbrock"},"telephone":"","sameAs":"http:\/\/psv-stukenbrock-senne.de\/locations\/senne-alm\/"},"organizer":{"@type":"Person","name":"PSV Stukenbrock-Senne e. V. Abteilung Fu\u00dfball","description":"","url":"http:\/\/psv-stukenbrock-senne.de\/fussball\/","telephone":"","email":"v&#111;&#114;sta&#110;&#100;&#64;w&#105;r&#45;&#115;ind&#45;senn&#101;&#46;&#100;&#101;","sameAs":"http:\/\/psv-stukenbrock-senne.de\/fussball\/"},"performer":"Organization"}}