{"id":4091,"date":"2026-04-29T17:59:31","date_gmt":"2026-04-29T15:59:31","guid":{"rendered":"https:\/\/www.stukenbrock-senne.de\/achatius\/?p=4091"},"modified":"2026-04-29T17:59:31","modified_gmt":"2026-04-29T15:59:31","slug":"termine-mai-2026","status":"publish","type":"post","link":"https:\/\/www.stukenbrock-senne.de\/achatius\/?p=4091","title":{"rendered":"Termine Mai 2026"},"content":{"rendered":"<table>\n<tbody>\n<tr>\n<td width=\"67\"><strong>April<\/strong><\/td>\n<td width=\"75\"><\/td>\n<td width=\"462\"><strong>\u00a0<\/strong><\/td>\n<\/tr>\n<tr>\n<td width=\"67\">Do.<\/td>\n<td width=\"75\">30.4.<\/td>\n<td width=\"462\"><strong>Aufbau Vogelschie\u00dfen\u00a0\u00a0 \u00a0<\/strong>\u00a0<strong>17 Uhr<\/strong><\/td>\n<\/tr>\n<tr>\n<td width=\"67\"><strong>Mai<\/strong><\/td>\n<td width=\"75\"><\/td>\n<td width=\"462\"><strong>\u00a0<\/strong><\/td>\n<\/tr>\n<tr>\n<td width=\"67\">Fr.<\/td>\n<td width=\"75\">1.5.<\/td>\n<td width=\"462\"><strong>Vogelschie\u00dfen und Jungsch\u00fctzenprinzenschie\u00dfen<\/strong>\u00a0 Antreten <strong>14.15 Uhr<\/strong><\/p>\n<p><u>Aufbau<\/u> <strong>9 Uhr<br \/>\n<\/strong>Abbau am Sa. ab 9 Uhr<\/td>\n<\/tr>\n<tr>\n<td width=\"67\">Sa. \u2013 Mo.<\/td>\n<td width=\"75\">16. bis 18.5.<\/td>\n<td width=\"462\"><strong>Sch\u00fctzen- und Patronatsfest<\/strong><\/p>\n<p>Aufbau\u00a0\u00a0\u00a0 <strong>Fr. <\/strong>17 Uhr<strong> (16 Uhr?) \/ Sa. <\/strong>9 Uhr<strong> \/ So. <\/strong>10 Uhr\u00a0\u00a0\u00a0\u00a0 Abbau:\u00a0 <strong>Di. <\/strong>9 Uhr<strong>\u00a0 und\u00a0 Mi. <\/strong>17 Uhr<\/p>\n<p><strong>Antreten<em>\u00a0 <\/em>Sa. 17.15 Uhr\u00a0\u00a0 <\/strong>So<strong>. 14.15 Uhr\u00a0\u00a0 <\/strong>Mo<strong>. 7.45 Uhr <\/strong>und <strong>17.30 Uhr<\/strong><\/td>\n<\/tr>\n<tr>\n<td width=\"67\">Sa.<\/td>\n<td width=\"75\">30.5.<\/td>\n<td width=\"462\"><strong>60j\u00e4hriges Jubil\u00e4um Spielmannszug Stukenbrock <\/strong>18.00 Uhr &#8211; Sch\u00fctzenplatz Stukenbrock<\/td>\n<\/tr>\n<tr>\n<td width=\"67\">So.<\/td>\n<td width=\"75\">31.5.<\/td>\n<td width=\"462\"><strong>Sch\u00fctzenfest Sennelager<br \/>\n<\/strong>Antreten in Sennelager um 14.00Uhr auf dem Sch\u00fctzenplatz<strong><br \/>\nBus f\u00e4hrt um 13.30Uhr ab Brinkkapelle<\/strong><\/td>\n<\/tr>\n<\/tbody>\n<\/table>\n","protected":false},"excerpt":{"rendered":"<p>April \u00a0 Do. 30.4. Aufbau Vogelschie\u00dfen\u00a0\u00a0 \u00a0\u00a017 Uhr Mai \u00a0 Fr. 1.5. Vogelschie\u00dfen und Jungsch\u00fctzenprinzenschie\u00dfen\u00a0 Antreten 14.15 Uhr Aufbau 9 Uhr Abbau am Sa. ab 9 Uhr Sa. \u2013 Mo. &hellip; <a href=\"https:\/\/www.stukenbrock-senne.de\/achatius\/?p=4091\" class=\"more-link\"><span class=\"screen-reader-text\">Termine Mai 2026<\/span> weiterlesen <span class=\"meta-nav\">&rarr;<\/span><\/a><\/p>\n","protected":false},"author":2,"featured_media":0,"comment_status":"closed","ping_status":"open","sticky":false,"template":"","format":"standard","meta":{"_crdt_document":"","footnotes":""},"categories":[1],"tags":[],"class_list":["post-4091","post","type-post","status-publish","format-standard","hentry","category-aktuelles"],"_links":{"self":[{"href":"https:\/\/www.stukenbrock-senne.de\/achatius\/index.php?rest_route=\/wp\/v2\/posts\/4091","targetHints":{"allow":["GET"]}}],"collection":[{"href":"https:\/\/www.stukenbrock-senne.de\/achatius\/index.php?rest_route=\/wp\/v2\/posts"}],"about":[{"href":"https:\/\/www.stukenbrock-senne.de\/achatius\/index.php?rest_route=\/wp\/v2\/types\/post"}],"author":[{"embeddable":true,"href":"https:\/\/www.stukenbrock-senne.de\/achatius\/index.php?rest_route=\/wp\/v2\/users\/2"}],"replies":[{"embeddable":true,"href":"https:\/\/www.stukenbrock-senne.de\/achatius\/index.php?rest_route=%2Fwp%2Fv2%2Fcomments&post=4091"}],"version-history":[{"count":1,"href":"https:\/\/www.stukenbrock-senne.de\/achatius\/index.php?rest_route=\/wp\/v2\/posts\/4091\/revisions"}],"predecessor-version":[{"id":4092,"href":"https:\/\/www.stukenbrock-senne.de\/achatius\/index.php?rest_route=\/wp\/v2\/posts\/4091\/revisions\/4092"}],"wp:attachment":[{"href":"https:\/\/www.stukenbrock-senne.de\/achatius\/index.php?rest_route=%2Fwp%2Fv2%2Fmedia&parent=4091"}],"wp:term":[{"taxonomy":"category","embeddable":true,"href":"https:\/\/www.stukenbrock-senne.de\/achatius\/index.php?rest_route=%2Fwp%2Fv2%2Fcategories&post=4091"},{"taxonomy":"post_tag","embeddable":true,"href":"https:\/\/www.stukenbrock-senne.de\/achatius\/index.php?rest_route=%2Fwp%2Fv2%2Ftags&post=4091"}],"curies":[{"name":"wp","href":"https:\/\/api.w.org\/{rel}","templated":true}]}}