{"id":3143,"date":"2022-12-20T21:03:38","date_gmt":"2022-12-20T19:03:38","guid":{"rendered":"https:\/\/www.stukenbrock-senne.de\/achatius\/?p=3143"},"modified":"2022-12-21T17:38:06","modified_gmt":"2022-12-21T15:38:06","slug":"generalversammlung-14-1-2023-tagesordnung","status":"publish","type":"post","link":"https:\/\/www.stukenbrock-senne.de\/achatius\/?p=3143","title":{"rendered":"Generalversammlung 14.1.2023 &#8211; Tagesordnung"},"content":{"rendered":"<p>Antreten zur Messe am 14.1.2023:<\/p>\n<ul>\n<li>18.15 Uhr am Dorfplatz<\/li>\n<\/ul>\n<p>Generalversammlung ab 19.30 Uhr im Sch\u00fctzenhaus<\/p>\n<h4>Tagesordnung<\/h4>\n<ol>\n<li style=\"list-style-type: none;\">\n<ol>\n<li>Er\u00f6ffnung und Begr\u00fc\u00dfung<\/li>\n<li>Totenehrung<\/li>\n<li>Bericht des 1. Schriftf\u00fchrers<\/li>\n<li>Bericht des 1. Kassenf\u00fchrers<\/li>\n<li>Bericht der Kassenpr\u00fcfer<\/li>\n<li>Neuaufnahmen<\/li>\n<li>Wahlen zum Vorstand\n<ul>\n<li style=\"list-style-type: none;\">\n<ul>\n<li><strong>1. Brudermeister <\/strong><\/li>\n<li><strong>1. Kassenf\u00fchrer <\/strong><\/li>\n<li><strong>1. Schriftf\u00fchrer <\/strong><\/li>\n<li><strong>Oberst\u00a0 <\/strong><\/li>\n<li><strong>1. Schie\u00dfmeister<\/strong><\/li>\n<li><strong>Zeremonienmeister<\/strong><\/li>\n<li><strong>F\u00e4hnrich<\/strong><\/li>\n<li><strong>Fahnenoffizier<\/strong><\/li>\n<li><strong>Fahnenoffizier<\/strong><\/li>\n<li><strong>K\u00f6nigsadjutant<\/strong><\/li>\n<\/ul>\n<\/li>\n<\/ul>\n<\/li>\n<li>Wahl der Kassenpr\u00fcfer f\u00fcr das Jahr 2023<\/li>\n<li>Ehrungen<\/li>\n<li>Bericht des 1. Schie\u00dfmeisters<\/li>\n<li>Bericht des Jungsch\u00fctzenmeisters<\/li>\n<li>Bericht des Vereinsvorsitzenden zur F\u00f6rderung der St. Achatius-Sch\u00fctzenbruderschaft Stukenbrock-Senne e.V.<\/li>\n<li>Verlesen der Spender 2022<\/li>\n<li>Verschiedenes\n<ol>\n<li>Bierspenden \u2013 Preisanpassung<\/li>\n<li>Abfrage 2. Jahr f\u00fcr Ex-\/Alt-K\u00f6nig<\/li>\n<li>Karitativer Arbeitskreis<\/li>\n<li>Termine<\/li>\n<\/ol>\n<\/li>\n<\/ol>\n<\/li>\n<\/ol>\n","protected":false},"excerpt":{"rendered":"<p>Antreten zur Messe am 14.1.2023: 18.15 Uhr am Dorfplatz Generalversammlung ab 19.30 Uhr im Sch\u00fctzenhaus Tagesordnung Er\u00f6ffnung und Begr\u00fc\u00dfung Totenehrung Bericht des 1. Schriftf\u00fchrers Bericht des 1. Kassenf\u00fchrers Bericht der &hellip; <a href=\"https:\/\/www.stukenbrock-senne.de\/achatius\/?p=3143\" class=\"more-link\"><span class=\"screen-reader-text\">Generalversammlung 14.1.2023 &#8211; Tagesordnung<\/span> weiterlesen <span class=\"meta-nav\">&rarr;<\/span><\/a><\/p>\n","protected":false},"author":2,"featured_media":0,"comment_status":"closed","ping_status":"open","sticky":false,"template":"","format":"standard","meta":{"_crdt_document":"","footnotes":""},"categories":[7],"tags":[],"class_list":["post-3143","post","type-post","status-publish","format-standard","hentry","category-bruderschaft"],"_links":{"self":[{"href":"https:\/\/www.stukenbrock-senne.de\/achatius\/index.php?rest_route=\/wp\/v2\/posts\/3143","targetHints":{"allow":["GET"]}}],"collection":[{"href":"https:\/\/www.stukenbrock-senne.de\/achatius\/index.php?rest_route=\/wp\/v2\/posts"}],"about":[{"href":"https:\/\/www.stukenbrock-senne.de\/achatius\/index.php?rest_route=\/wp\/v2\/types\/post"}],"author":[{"embeddable":true,"href":"https:\/\/www.stukenbrock-senne.de\/achatius\/index.php?rest_route=\/wp\/v2\/users\/2"}],"replies":[{"embeddable":true,"href":"https:\/\/www.stukenbrock-senne.de\/achatius\/index.php?rest_route=%2Fwp%2Fv2%2Fcomments&post=3143"}],"version-history":[{"count":3,"href":"https:\/\/www.stukenbrock-senne.de\/achatius\/index.php?rest_route=\/wp\/v2\/posts\/3143\/revisions"}],"predecessor-version":[{"id":3149,"href":"https:\/\/www.stukenbrock-senne.de\/achatius\/index.php?rest_route=\/wp\/v2\/posts\/3143\/revisions\/3149"}],"wp:attachment":[{"href":"https:\/\/www.stukenbrock-senne.de\/achatius\/index.php?rest_route=%2Fwp%2Fv2%2Fmedia&parent=3143"}],"wp:term":[{"taxonomy":"category","embeddable":true,"href":"https:\/\/www.stukenbrock-senne.de\/achatius\/index.php?rest_route=%2Fwp%2Fv2%2Fcategories&post=3143"},{"taxonomy":"post_tag","embeddable":true,"href":"https:\/\/www.stukenbrock-senne.de\/achatius\/index.php?rest_route=%2Fwp%2Fv2%2Ftags&post=3143"}],"curies":[{"name":"wp","href":"https:\/\/api.w.org\/{rel}","templated":true}]}}