{"id":3007,"date":"2022-06-16T16:16:50","date_gmt":"2022-06-16T14:16:50","guid":{"rendered":"https:\/\/www.stukenbrock-senne.de\/achatius\/?p=3007"},"modified":"2022-06-16T16:16:50","modified_gmt":"2022-06-16T14:16:50","slug":"marscherleichtung-schuetzenfest-liemke","status":"publish","type":"post","link":"https:\/\/www.stukenbrock-senne.de\/achatius\/?p=3007","title":{"rendered":"Marscherleichtung Sch\u00fctzenfest Liemke"},"content":{"rendered":"<p>F\u00fcr das Sch\u00fctzenfest am Samstag den 18.6.22 in Liemke sind f\u00fcr 19 Uhr noch \u00fcber 30\u00b0C vorausgesagt -&gt; Marscherleichtung ist angesagt!<br \/>\n<strong>Die Jacke, <\/strong>S<strong>ch\u00e4rpe und Handschuhe k\u00f6nnen zu Hause bleiben!<\/strong><\/p>\n<p>Der Bus f\u00e4hrt ab Kleinemeier um 18.15Uhr ab. Anschlie\u00dfend Storchkrug, Fleischerei Austermeier und beim Kaiser.<\/p>\n","protected":false},"excerpt":{"rendered":"<p>F\u00fcr das Sch\u00fctzenfest am Samstag den 18.6.22 in Liemke sind f\u00fcr 19 Uhr noch \u00fcber 30\u00b0C vorausgesagt -&gt; Marscherleichtung ist angesagt! Die Jacke, Sch\u00e4rpe und Handschuhe k\u00f6nnen zu Hause bleiben! &hellip; <a href=\"https:\/\/www.stukenbrock-senne.de\/achatius\/?p=3007\" class=\"more-link\"><span class=\"screen-reader-text\">Marscherleichtung Sch\u00fctzenfest Liemke<\/span> weiterlesen <span class=\"meta-nav\">&rarr;<\/span><\/a><\/p>\n","protected":false},"author":2,"featured_media":0,"comment_status":"closed","ping_status":"open","sticky":false,"template":"","format":"standard","meta":{"_crdt_document":"","footnotes":""},"categories":[1],"tags":[],"class_list":["post-3007","post","type-post","status-publish","format-standard","hentry","category-aktuelles"],"_links":{"self":[{"href":"https:\/\/www.stukenbrock-senne.de\/achatius\/index.php?rest_route=\/wp\/v2\/posts\/3007","targetHints":{"allow":["GET"]}}],"collection":[{"href":"https:\/\/www.stukenbrock-senne.de\/achatius\/index.php?rest_route=\/wp\/v2\/posts"}],"about":[{"href":"https:\/\/www.stukenbrock-senne.de\/achatius\/index.php?rest_route=\/wp\/v2\/types\/post"}],"author":[{"embeddable":true,"href":"https:\/\/www.stukenbrock-senne.de\/achatius\/index.php?rest_route=\/wp\/v2\/users\/2"}],"replies":[{"embeddable":true,"href":"https:\/\/www.stukenbrock-senne.de\/achatius\/index.php?rest_route=%2Fwp%2Fv2%2Fcomments&post=3007"}],"version-history":[{"count":1,"href":"https:\/\/www.stukenbrock-senne.de\/achatius\/index.php?rest_route=\/wp\/v2\/posts\/3007\/revisions"}],"predecessor-version":[{"id":3008,"href":"https:\/\/www.stukenbrock-senne.de\/achatius\/index.php?rest_route=\/wp\/v2\/posts\/3007\/revisions\/3008"}],"wp:attachment":[{"href":"https:\/\/www.stukenbrock-senne.de\/achatius\/index.php?rest_route=%2Fwp%2Fv2%2Fmedia&parent=3007"}],"wp:term":[{"taxonomy":"category","embeddable":true,"href":"https:\/\/www.stukenbrock-senne.de\/achatius\/index.php?rest_route=%2Fwp%2Fv2%2Fcategories&post=3007"},{"taxonomy":"post_tag","embeddable":true,"href":"https:\/\/www.stukenbrock-senne.de\/achatius\/index.php?rest_route=%2Fwp%2Fv2%2Ftags&post=3007"}],"curies":[{"name":"wp","href":"https:\/\/api.w.org\/{rel}","templated":true}]}}