{"id":2621,"date":"2021-05-13T14:05:20","date_gmt":"2021-05-13T12:05:20","guid":{"rendered":"http:\/\/www.stukenbrock-senne.de\/achatius\/?p=2621"},"modified":"2021-05-13T14:08:21","modified_gmt":"2021-05-13T12:08:21","slug":"film-ueber-die-geschichte-von-stukenbrock-senne-veroeffentlicht","status":"publish","type":"post","link":"https:\/\/www.stukenbrock-senne.de\/achatius\/?p=2621","title":{"rendered":"Film \u00fcber die Geschichte von Stukenbrock-Senne ver\u00f6ffentlicht"},"content":{"rendered":"<p>Gestern wurde der ca. 20-min\u00fctige Dokumentationsfilm \u00fcber Stukenbrock-Senne in einer Zoom-Konferenz pr\u00e4sentiert und kann ab heute auf der Homepage des Verein \u201eUnser Dorf Stukenbrock-Senne\u201c angesehen werden.<\/p>\n<p><a href=\"http:\/\/www.stukenbrock-senne.de\/wordpress\/?page_id=4524\" target=\"_blank\" rel=\"noopener\">Hier geht es zum Film<\/a><\/p>\n","protected":false},"excerpt":{"rendered":"<p>Gestern wurde der ca. 20-min\u00fctige Dokumentationsfilm \u00fcber Stukenbrock-Senne in einer Zoom-Konferenz pr\u00e4sentiert und kann ab heute auf der Homepage des Verein \u201eUnser Dorf Stukenbrock-Senne\u201c angesehen werden. Hier geht es zum &hellip; <a href=\"https:\/\/www.stukenbrock-senne.de\/achatius\/?p=2621\" class=\"more-link\"><span class=\"screen-reader-text\">Film \u00fcber die Geschichte von Stukenbrock-Senne ver\u00f6ffentlicht<\/span> weiterlesen <span class=\"meta-nav\">&rarr;<\/span><\/a><\/p>\n","protected":false},"author":2,"featured_media":0,"comment_status":"closed","ping_status":"open","sticky":false,"template":"","format":"standard","meta":{"footnotes":""},"categories":[1,23],"tags":[],"class_list":["post-2621","post","type-post","status-publish","format-standard","hentry","category-aktuelles","category-in-stukenbrock-senne"],"_links":{"self":[{"href":"https:\/\/www.stukenbrock-senne.de\/achatius\/index.php?rest_route=\/wp\/v2\/posts\/2621","targetHints":{"allow":["GET"]}}],"collection":[{"href":"https:\/\/www.stukenbrock-senne.de\/achatius\/index.php?rest_route=\/wp\/v2\/posts"}],"about":[{"href":"https:\/\/www.stukenbrock-senne.de\/achatius\/index.php?rest_route=\/wp\/v2\/types\/post"}],"author":[{"embeddable":true,"href":"https:\/\/www.stukenbrock-senne.de\/achatius\/index.php?rest_route=\/wp\/v2\/users\/2"}],"replies":[{"embeddable":true,"href":"https:\/\/www.stukenbrock-senne.de\/achatius\/index.php?rest_route=%2Fwp%2Fv2%2Fcomments&post=2621"}],"version-history":[{"count":1,"href":"https:\/\/www.stukenbrock-senne.de\/achatius\/index.php?rest_route=\/wp\/v2\/posts\/2621\/revisions"}],"predecessor-version":[{"id":2622,"href":"https:\/\/www.stukenbrock-senne.de\/achatius\/index.php?rest_route=\/wp\/v2\/posts\/2621\/revisions\/2622"}],"wp:attachment":[{"href":"https:\/\/www.stukenbrock-senne.de\/achatius\/index.php?rest_route=%2Fwp%2Fv2%2Fmedia&parent=2621"}],"wp:term":[{"taxonomy":"category","embeddable":true,"href":"https:\/\/www.stukenbrock-senne.de\/achatius\/index.php?rest_route=%2Fwp%2Fv2%2Fcategories&post=2621"},{"taxonomy":"post_tag","embeddable":true,"href":"https:\/\/www.stukenbrock-senne.de\/achatius\/index.php?rest_route=%2Fwp%2Fv2%2Ftags&post=2621"}],"curies":[{"name":"wp","href":"https:\/\/api.w.org\/{rel}","templated":true}]}}