{"id":2615,"date":"2021-05-08T12:41:22","date_gmt":"2021-05-08T10:41:22","guid":{"rendered":"http:\/\/www.stukenbrock-senne.de\/achatius\/?p=2615"},"modified":"2021-05-08T12:41:22","modified_gmt":"2021-05-08T10:41:22","slug":"unser-jubliaeumsvogel-hat-noch-schonfrist","status":"publish","type":"post","link":"https:\/\/www.stukenbrock-senne.de\/achatius\/?p=2615","title":{"rendered":"Unser Jubli\u00e4umsvogel hat noch Schonfrist&#8230;"},"content":{"rendered":"<p><a href=\"https:\/\/www.stukenbrock-senne.de\/achatius\/wp-content\/uploads\/2021\/05\/Jubilaeumsvogel-1.jpg\"><img loading=\"lazy\" decoding=\"async\" class=\"alignnone size-medium wp-image-2616\" src=\"https:\/\/www.stukenbrock-senne.de\/achatius\/wp-content\/uploads\/2021\/05\/Jubilaeumsvogel-1-300x225.jpg\" alt=\"\" width=\"300\" height=\"225\" srcset=\"https:\/\/www.stukenbrock-senne.de\/achatius\/wp-content\/uploads\/2021\/05\/Jubilaeumsvogel-1-300x225.jpg 300w, https:\/\/www.stukenbrock-senne.de\/achatius\/wp-content\/uploads\/2021\/05\/Jubilaeumsvogel-1-1024x766.jpg 1024w, https:\/\/www.stukenbrock-senne.de\/achatius\/wp-content\/uploads\/2021\/05\/Jubilaeumsvogel-1-768x575.jpg 768w, https:\/\/www.stukenbrock-senne.de\/achatius\/wp-content\/uploads\/2021\/05\/Jubilaeumsvogel-1.jpg 1439w\" sizes=\"auto, (max-width: 300px) 100vw, 300px\" \/><\/a><\/p>\n<p>Am 1. Mai h\u00e4tte unser Vogelschie\u00dfen zum 100-j\u00e4hrigen Jubil\u00e4um statt finden sollen. Unser Jubli\u00e4umsvogel hat jetzt 1 Jahr Schonfrist bekommen.<br \/>\nIn der <strong>Fleischerei Austermeier<\/strong> besteht aktuell die M\u00f6glichkeit sich unseren Jubli\u00e4umvogel anzuschauen.<\/p>\n","protected":false},"excerpt":{"rendered":"<p>Am 1. Mai h\u00e4tte unser Vogelschie\u00dfen zum 100-j\u00e4hrigen Jubil\u00e4um statt finden sollen. Unser Jubli\u00e4umsvogel hat jetzt 1 Jahr Schonfrist bekommen. In der Fleischerei Austermeier besteht aktuell die M\u00f6glichkeit sich unseren &hellip; <a href=\"https:\/\/www.stukenbrock-senne.de\/achatius\/?p=2615\" class=\"more-link\"><span class=\"screen-reader-text\">Unser Jubli\u00e4umsvogel hat noch Schonfrist&#8230;<\/span> weiterlesen <span class=\"meta-nav\">&rarr;<\/span><\/a><\/p>\n","protected":false},"author":2,"featured_media":0,"comment_status":"closed","ping_status":"open","sticky":false,"template":"","format":"standard","meta":{"footnotes":""},"categories":[1],"tags":[],"class_list":["post-2615","post","type-post","status-publish","format-standard","hentry","category-aktuelles"],"_links":{"self":[{"href":"https:\/\/www.stukenbrock-senne.de\/achatius\/index.php?rest_route=\/wp\/v2\/posts\/2615","targetHints":{"allow":["GET"]}}],"collection":[{"href":"https:\/\/www.stukenbrock-senne.de\/achatius\/index.php?rest_route=\/wp\/v2\/posts"}],"about":[{"href":"https:\/\/www.stukenbrock-senne.de\/achatius\/index.php?rest_route=\/wp\/v2\/types\/post"}],"author":[{"embeddable":true,"href":"https:\/\/www.stukenbrock-senne.de\/achatius\/index.php?rest_route=\/wp\/v2\/users\/2"}],"replies":[{"embeddable":true,"href":"https:\/\/www.stukenbrock-senne.de\/achatius\/index.php?rest_route=%2Fwp%2Fv2%2Fcomments&post=2615"}],"version-history":[{"count":2,"href":"https:\/\/www.stukenbrock-senne.de\/achatius\/index.php?rest_route=\/wp\/v2\/posts\/2615\/revisions"}],"predecessor-version":[{"id":2618,"href":"https:\/\/www.stukenbrock-senne.de\/achatius\/index.php?rest_route=\/wp\/v2\/posts\/2615\/revisions\/2618"}],"wp:attachment":[{"href":"https:\/\/www.stukenbrock-senne.de\/achatius\/index.php?rest_route=%2Fwp%2Fv2%2Fmedia&parent=2615"}],"wp:term":[{"taxonomy":"category","embeddable":true,"href":"https:\/\/www.stukenbrock-senne.de\/achatius\/index.php?rest_route=%2Fwp%2Fv2%2Fcategories&post=2615"},{"taxonomy":"post_tag","embeddable":true,"href":"https:\/\/www.stukenbrock-senne.de\/achatius\/index.php?rest_route=%2Fwp%2Fv2%2Ftags&post=2615"}],"curies":[{"name":"wp","href":"https:\/\/api.w.org\/{rel}","templated":true}]}}