{"id":2436,"date":"2020-09-25T17:25:00","date_gmt":"2020-09-25T15:25:00","guid":{"rendered":"http:\/\/www.stukenbrock-senne.de\/achatius\/?p=2436"},"modified":"2020-10-23T22:01:50","modified_gmt":"2020-10-23T20:01:50","slug":"aktuell-hinweise-stand-25-9-2020","status":"publish","type":"post","link":"https:\/\/www.stukenbrock-senne.de\/achatius\/?p=2436","title":{"rendered":"Aktuelle Hinweise &#8211; Stand 23.10.2020"},"content":{"rendered":"<p>Hier einige (verl\u00e4ufige) Info&#8217;s:<\/p>\n<ol>\n<li><strong>Beitragssammlung<\/strong><br \/>\nDie\u00a0 Kassierlisten sind fertig und werden in den n\u00e4chsten Tagen an unsere Betragssammler verteilt, so das die Betragssammlung in den n\u00e4chsten Wochen zum Sammeln vorbei kommen werden.F\u00fcr unser 100j\u00e4hrigs Jubil\u00e4um haben wir eine Jubil\u00e4umsfahne gestaltet. Wer eine neue Fahne ben\u00f6tigt kann diese bei den Beitragssammler bestellen.\u00a0 Die Beitragssammler haben einen Ausdruck\u00a0 der Gestaltung dabei.<\/li>\n<li><strong>Termine<\/strong><br \/>\nWie in dem nebenstehenden Termin\u00fcbersicht zu sehen, sind Corona-Bedingt auch alle Bezirksveranstaltungen abgesagt worden. (Bezirksschie\u00dfen &#8211; Verbandstag&#8230;).<br \/>\nAuch das Gladwyn-Pokalschie\u00dfen und die Werl-Wallfahrt sind abgesagt worden.<\/li>\n<li><strong>Volkstrauertag am 14.11.2020<\/strong><br \/>\nTeilnahme einer Abordnung an der Messe (eingeschr\u00e4nkte Besucherzahl) mit Kranzniederlegung am Ehrenmal.<\/li>\n<li><strong>Obristenged\u00e4chtnispokalschie\u00dfen<\/strong><br \/>\nDas Obristenpokalschie\u00dfen kann <strong>aktuell <\/strong>unter den f\u00fcr den Schie\u00dfbetrieb geltenden <a href=\"https:\/\/www.stukenbrock-senne.de\/achatius\/?p=2411\" target=\"_blank\" rel=\"noopener noreferrer\">Hygienema\u00dfnahmen<\/a> mit den sonst \u00fcblichen Teilnehmerzahlen stattfinden.<br \/>\nBitte vorab durchlesen und die <a href=\"https:\/\/www.stukenbrock-senne.de\/achatius\/wp-content\/uploads\/2020\/08\/Selbstverpflichtungserklaerung.pdf\">Selbstverpflichtungserkl\u00e4rung<\/a> ausgef\u00fcllt mitbringen!<br \/>\n<strong>Es findet kein Gr\u00fcnkohlessen wie in den letzten Jahren am letzten Abend statt!<br \/>\n<\/strong>1. Trainingsabend: 20.11.2020 ab 19.00Uhr<br \/>\n2. Trainingsabend: 27.11.2020 ab 19.00Uhr<br \/>\nObristenged\u00e4chtnispokalschie\u00dfen am: 28.11.2020 ab 19.30Uhr<strong><br \/>\n<\/strong><\/li>\n<\/ol>\n<p>Bleibt Gesund!<\/p>\n","protected":false},"excerpt":{"rendered":"<p>Hier einige (verl\u00e4ufige) Info&#8217;s: Beitragssammlung Die\u00a0 Kassierlisten sind fertig und werden in den n\u00e4chsten Tagen an unsere Betragssammler verteilt, so das die Betragssammlung in den n\u00e4chsten Wochen zum Sammeln vorbei &hellip; <a href=\"https:\/\/www.stukenbrock-senne.de\/achatius\/?p=2436\" class=\"more-link\"><span class=\"screen-reader-text\">Aktuelle Hinweise &#8211; Stand 23.10.2020<\/span> weiterlesen <span class=\"meta-nav\">&rarr;<\/span><\/a><\/p>\n","protected":false},"author":2,"featured_media":0,"comment_status":"closed","ping_status":"open","sticky":false,"template":"","format":"standard","meta":{"_crdt_document":"","footnotes":""},"categories":[1],"tags":[],"class_list":["post-2436","post","type-post","status-publish","format-standard","hentry","category-aktuelles"],"_links":{"self":[{"href":"https:\/\/www.stukenbrock-senne.de\/achatius\/index.php?rest_route=\/wp\/v2\/posts\/2436","targetHints":{"allow":["GET"]}}],"collection":[{"href":"https:\/\/www.stukenbrock-senne.de\/achatius\/index.php?rest_route=\/wp\/v2\/posts"}],"about":[{"href":"https:\/\/www.stukenbrock-senne.de\/achatius\/index.php?rest_route=\/wp\/v2\/types\/post"}],"author":[{"embeddable":true,"href":"https:\/\/www.stukenbrock-senne.de\/achatius\/index.php?rest_route=\/wp\/v2\/users\/2"}],"replies":[{"embeddable":true,"href":"https:\/\/www.stukenbrock-senne.de\/achatius\/index.php?rest_route=%2Fwp%2Fv2%2Fcomments&post=2436"}],"version-history":[{"count":12,"href":"https:\/\/www.stukenbrock-senne.de\/achatius\/index.php?rest_route=\/wp\/v2\/posts\/2436\/revisions"}],"predecessor-version":[{"id":2458,"href":"https:\/\/www.stukenbrock-senne.de\/achatius\/index.php?rest_route=\/wp\/v2\/posts\/2436\/revisions\/2458"}],"wp:attachment":[{"href":"https:\/\/www.stukenbrock-senne.de\/achatius\/index.php?rest_route=%2Fwp%2Fv2%2Fmedia&parent=2436"}],"wp:term":[{"taxonomy":"category","embeddable":true,"href":"https:\/\/www.stukenbrock-senne.de\/achatius\/index.php?rest_route=%2Fwp%2Fv2%2Fcategories&post=2436"},{"taxonomy":"post_tag","embeddable":true,"href":"https:\/\/www.stukenbrock-senne.de\/achatius\/index.php?rest_route=%2Fwp%2Fv2%2Ftags&post=2436"}],"curies":[{"name":"wp","href":"https:\/\/api.w.org\/{rel}","templated":true}]}}