{"id":2427,"date":"2020-09-16T18:26:29","date_gmt":"2020-09-16T16:26:29","guid":{"rendered":"http:\/\/www.stukenbrock-senne.de\/achatius\/?p=2427"},"modified":"2020-09-16T18:39:31","modified_gmt":"2020-09-16T16:39:31","slug":"sonderstudie-zu-den-folgen-der-corona-pandemie","status":"publish","type":"post","link":"https:\/\/www.stukenbrock-senne.de\/achatius\/?p=2427","title":{"rendered":"Sonderstudie zu den Folgen der Corona-Pandemie"},"content":{"rendered":"<div class=\"article_text\">\n<p>Im Rahmen des Forschungsprojekts &#8222;Tradition im Wandel&#8220; werden aus aktuellem Anlass nun auch die Folgen der Corona-Pandemie f\u00fcr Sch\u00fctzenvereine im Hinblick auf ihre Resilienz untersucht. Neben den Risiken sollen auch m\u00f6gliche Potenziale ermittelt werden, die sich aus der Pandemie f\u00fcr die Weiterentwicklung des Kulturerbes Sch\u00fctzenwesen ergeben k\u00f6nnten.<\/p>\n<p><a href=\"https:\/\/kw.uni-paderborn.de\/corona-sonderstudie\" target=\"_blank\" rel=\"noopener noreferrer\">weitere Infos<\/a><\/p>\n<p><a href=\"https:\/\/groups.uni-paderborn.de\/ww-cerima\/limesurvey\/index.php\/149569?newtest=Y&amp;lang=de-informal\" target=\"_blank\" rel=\"noopener noreferrer\">direkt zur Online-Umfrage<\/a><\/p>\n<\/div>\n","protected":false},"excerpt":{"rendered":"<p>Im Rahmen des Forschungsprojekts &#8222;Tradition im Wandel&#8220; werden aus aktuellem Anlass nun auch die Folgen der Corona-Pandemie f\u00fcr Sch\u00fctzenvereine im Hinblick auf ihre Resilienz untersucht. Neben den Risiken sollen auch &hellip; <a href=\"https:\/\/www.stukenbrock-senne.de\/achatius\/?p=2427\" class=\"more-link\"><span class=\"screen-reader-text\">Sonderstudie zu den Folgen der Corona-Pandemie<\/span> weiterlesen <span class=\"meta-nav\">&rarr;<\/span><\/a><\/p>\n","protected":false},"author":2,"featured_media":0,"comment_status":"closed","ping_status":"open","sticky":false,"template":"","format":"standard","meta":{"_crdt_document":"","footnotes":""},"categories":[1],"tags":[],"class_list":["post-2427","post","type-post","status-publish","format-standard","hentry","category-aktuelles"],"_links":{"self":[{"href":"https:\/\/www.stukenbrock-senne.de\/achatius\/index.php?rest_route=\/wp\/v2\/posts\/2427","targetHints":{"allow":["GET"]}}],"collection":[{"href":"https:\/\/www.stukenbrock-senne.de\/achatius\/index.php?rest_route=\/wp\/v2\/posts"}],"about":[{"href":"https:\/\/www.stukenbrock-senne.de\/achatius\/index.php?rest_route=\/wp\/v2\/types\/post"}],"author":[{"embeddable":true,"href":"https:\/\/www.stukenbrock-senne.de\/achatius\/index.php?rest_route=\/wp\/v2\/users\/2"}],"replies":[{"embeddable":true,"href":"https:\/\/www.stukenbrock-senne.de\/achatius\/index.php?rest_route=%2Fwp%2Fv2%2Fcomments&post=2427"}],"version-history":[{"count":3,"href":"https:\/\/www.stukenbrock-senne.de\/achatius\/index.php?rest_route=\/wp\/v2\/posts\/2427\/revisions"}],"predecessor-version":[{"id":2430,"href":"https:\/\/www.stukenbrock-senne.de\/achatius\/index.php?rest_route=\/wp\/v2\/posts\/2427\/revisions\/2430"}],"wp:attachment":[{"href":"https:\/\/www.stukenbrock-senne.de\/achatius\/index.php?rest_route=%2Fwp%2Fv2%2Fmedia&parent=2427"}],"wp:term":[{"taxonomy":"category","embeddable":true,"href":"https:\/\/www.stukenbrock-senne.de\/achatius\/index.php?rest_route=%2Fwp%2Fv2%2Fcategories&post=2427"},{"taxonomy":"post_tag","embeddable":true,"href":"https:\/\/www.stukenbrock-senne.de\/achatius\/index.php?rest_route=%2Fwp%2Fv2%2Ftags&post=2427"}],"curies":[{"name":"wp","href":"https:\/\/api.w.org\/{rel}","templated":true}]}}