{"id":2348,"date":"2020-05-11T22:34:01","date_gmt":"2020-05-11T20:34:01","guid":{"rendered":"http:\/\/www.stukenbrock-senne.de\/achatius\/?p=2348"},"modified":"2020-05-11T22:34:01","modified_gmt":"2020-05-11T20:34:01","slug":"news-zum-schiesssport-stand-11-mai-2020","status":"publish","type":"post","link":"https:\/\/www.stukenbrock-senne.de\/achatius\/?p=2348","title":{"rendered":"News zum Schie\u00dfsport-Stand 11.Mai 2020"},"content":{"rendered":"<p class=\"moz-quote-pre\">Hallo liebe Schie\u00dfsportfreunde,<\/p>\n<p class=\"moz-quote-pre\">wie die meisten wohl schon aus den Medien mitbekommen haben, sind bestimmte sportliche Aktivit\u00e4ten, unter strengen Auflagen, wieder erlaubt. Prinzipiell geh\u00f6rt das Schie\u00dfen dazu.<\/p>\n<p class=\"moz-quote-pre\">Wir haben uns aber dazu entschlossen weiterhin den Trainingsbetrieb <strong>auszusetzen<\/strong>.<\/p>\n<p>Das hat folgenden Hintergrund:<\/p>\n<ol>\n<li class=\"moz-quote-pre\">Erlaubt w\u00e4re nur das reine Schie\u00dftraining.<\/li>\n<li class=\"moz-quote-pre\">W\u00e4hrend des gesamten Trainings sind die Abstandsregeln einzuhalten. Das Tragen eines Mund-Nase-Schutzes ist in der ganzen Zeit Pflicht.<\/li>\n<li class=\"moz-quote-pre\">Nach jedem Trainingsdurchgang m\u00fcsste der Schie\u00dfstand desinfiziert werden. Anschlie\u00dfend m\u00fcssen die R\u00e4umlichkeiten und Vereinswaffen desinfiziert werden. Schie\u00dfjacken des Vereins d\u00fcrfen momentan nicht genutzt werden, da sie nicht vern\u00fcnftig desinfiziert werden k\u00f6nnen.<\/li>\n<li class=\"moz-quote-pre\">F\u00fcr die ganze Zeit muss eine Anwesenheitsliste gef\u00fchrt werden, damit die Kontakte nachvollzogen werden k\u00f6nnen.<\/li>\n<\/ol>\n<p>Diese und weitere Auflagen bedeuten ein hohen personellen und kostenm\u00e4\u00dfigen Aufwand, der sich momentan in einer wettkampffreien Zeit nicht lohnt. Deshalb wollen wir erstmal die Entwicklung der n\u00e4chsten Wochen abwarten.<\/p>\n<p>Gru\u00df eure Schie\u00dfmeister<\/p>\n","protected":false},"excerpt":{"rendered":"<p>Hallo liebe Schie\u00dfsportfreunde, wie die meisten wohl schon aus den Medien mitbekommen haben, sind bestimmte sportliche Aktivit\u00e4ten, unter strengen Auflagen, wieder erlaubt. Prinzipiell geh\u00f6rt das Schie\u00dfen dazu. Wir haben uns &hellip; <a href=\"https:\/\/www.stukenbrock-senne.de\/achatius\/?p=2348\" class=\"more-link\"><span class=\"screen-reader-text\">News zum Schie\u00dfsport-Stand 11.Mai 2020<\/span> weiterlesen <span class=\"meta-nav\">&rarr;<\/span><\/a><\/p>\n","protected":false},"author":2,"featured_media":0,"comment_status":"closed","ping_status":"open","sticky":false,"template":"","format":"standard","meta":{"_crdt_document":"","footnotes":""},"categories":[1,20],"tags":[],"class_list":["post-2348","post","type-post","status-publish","format-standard","hentry","category-aktuelles","category-aktuelles_schiessgruppe"],"_links":{"self":[{"href":"https:\/\/www.stukenbrock-senne.de\/achatius\/index.php?rest_route=\/wp\/v2\/posts\/2348","targetHints":{"allow":["GET"]}}],"collection":[{"href":"https:\/\/www.stukenbrock-senne.de\/achatius\/index.php?rest_route=\/wp\/v2\/posts"}],"about":[{"href":"https:\/\/www.stukenbrock-senne.de\/achatius\/index.php?rest_route=\/wp\/v2\/types\/post"}],"author":[{"embeddable":true,"href":"https:\/\/www.stukenbrock-senne.de\/achatius\/index.php?rest_route=\/wp\/v2\/users\/2"}],"replies":[{"embeddable":true,"href":"https:\/\/www.stukenbrock-senne.de\/achatius\/index.php?rest_route=%2Fwp%2Fv2%2Fcomments&post=2348"}],"version-history":[{"count":1,"href":"https:\/\/www.stukenbrock-senne.de\/achatius\/index.php?rest_route=\/wp\/v2\/posts\/2348\/revisions"}],"predecessor-version":[{"id":2349,"href":"https:\/\/www.stukenbrock-senne.de\/achatius\/index.php?rest_route=\/wp\/v2\/posts\/2348\/revisions\/2349"}],"wp:attachment":[{"href":"https:\/\/www.stukenbrock-senne.de\/achatius\/index.php?rest_route=%2Fwp%2Fv2%2Fmedia&parent=2348"}],"wp:term":[{"taxonomy":"category","embeddable":true,"href":"https:\/\/www.stukenbrock-senne.de\/achatius\/index.php?rest_route=%2Fwp%2Fv2%2Fcategories&post=2348"},{"taxonomy":"post_tag","embeddable":true,"href":"https:\/\/www.stukenbrock-senne.de\/achatius\/index.php?rest_route=%2Fwp%2Fv2%2Ftags&post=2348"}],"curies":[{"name":"wp","href":"https:\/\/api.w.org\/{rel}","templated":true}]}}