{"id":1919,"date":"2019-05-14T20:35:11","date_gmt":"2019-05-14T18:35:11","guid":{"rendered":"http:\/\/www.stukenbrock-senne.de\/achatius\/?p=1919"},"modified":"2019-05-21T18:35:46","modified_gmt":"2019-05-21T16:35:46","slug":"schuetzenfest-2019","status":"publish","type":"post","link":"https:\/\/www.stukenbrock-senne.de\/achatius\/?p=1919","title":{"rendered":"Sch\u00fctzenfest 2019"},"content":{"rendered":"<header class=\"entry-header\">\n<h1 class=\"entry-title\"><a href=\"https:\/\/www.stukenbrock-senne.de\/achatius\/?p=1329\" rel=\"bookmark\">Sch\u00fctzenfest 2019<\/a><\/h1>\n<\/header>\n<div class=\"entry-content\">\n<h5><a href=\"https:\/\/www.stukenbrock-senne.de\/achatius\/wp-content\/uploads\/2019\/05\/Thronfoto2019.jpg\"><img loading=\"lazy\" decoding=\"async\" class=\"alignnone size-large wp-image-1921\" src=\"https:\/\/www.stukenbrock-senne.de\/achatius\/wp-content\/uploads\/2019\/05\/Thronfoto2019-1024x768.jpg\" alt=\"\" width=\"474\" height=\"356\" srcset=\"https:\/\/www.stukenbrock-senne.de\/achatius\/wp-content\/uploads\/2019\/05\/Thronfoto2019-1024x768.jpg 1024w, https:\/\/www.stukenbrock-senne.de\/achatius\/wp-content\/uploads\/2019\/05\/Thronfoto2019-300x225.jpg 300w, https:\/\/www.stukenbrock-senne.de\/achatius\/wp-content\/uploads\/2019\/05\/Thronfoto2019-768x576.jpg 768w, https:\/\/www.stukenbrock-senne.de\/achatius\/wp-content\/uploads\/2019\/05\/Thronfoto2019.jpg 1599w\" sizes=\"auto, (max-width: 474px) 100vw, 474px\" \/><\/a><\/h5>\n<h5>Pressberichte:<\/h5>\n<ul>\n<li>Westfalen-Blatt\n<ul>\n<li><a href=\"https:\/\/www.westfalen-blatt.de\/OWL\/Kreis-Guetersloh\/Schloss-Holte-Stukenbrock\/3775067-St.-Achatius-Schuetzen-marschieren-feiern-und-tanzen-Die-Gemeinschaft-im-Ruecken\">Sonntag<\/a><\/li>\n<li><a href=\"https:\/\/www.westfalen-blatt.de\/OWL\/Kreis-Guetersloh\/Schloss-Holte-Stukenbrock\/3776819-St.-Achatius-Schuetzen-Stukenbrock-Senne-ehren-engagierte-Mitglieder-Zusammen-Staerke-zeigen\">Montag \u2013 Sch\u00fctzenfr\u00fchst\u00fcck<\/a><\/li>\n<li>Fotostrecken:\n<ul>\n<li><a href=\"https:\/\/www.westfalen-blatt.de\/OWL\/Fotos\/Kreis-Guetersloh\/3774821-Schuetzenfest-der-St.-Achatius-Schuetzenbruderschaft-Stukenbrock-Senne\">Fotostrecke vom Sonntag<\/a><\/li>\n<\/ul>\n<\/li>\n<\/ul>\n<\/li>\n<li>Neue Westf\u00e4lische\n<ul>\n<li><a href=\"https:\/\/www.nw.de\/lokal\/kreis_guetersloh\/schloss_holte_stukenbrock\/22454185_St.-Achatius-Schuetzen-kroenen-ihre-neue-Koenigin.html\">Sonntag mit Fotostrecke<\/a><\/li>\n<li><a href=\"https:\/\/www.nw.de\/lokal\/kreis_guetersloh\/schloss_holte_stukenbrock\/22455017_Auszeichnungen-fuer-verdiente-Schuetzen.html\">Montag\u00a0 mit Fotostrecke<\/a><\/li>\n<\/ul>\n<\/li>\n<li>Stadtjournal TV\n<ul>\n<li><a href=\"https:\/\/www.facebook.com\/ilske.media\/videos\/420726128763081\/\" target=\"_blank\" rel=\"noopener noreferrer\">Video auf Facebook<\/a><\/li>\n<\/ul>\n<\/li>\n<\/ul>\n<p>&nbsp;<\/p>\n<p>weitere Fotos auf unseren Facebook- Seiten<\/p>\n<p><strong>Ehrungen 2019<\/strong><\/p>\n<ul>\n<li>Schulterband zum SEK: Josef Hachmann<\/li>\n<li>SEK: Burkhard Deppe<\/li>\n<li>HBO Robert Janus<\/li>\n<li>HBO Franz-Josef Neuw\u00f6hner<\/li>\n<li>HBO Alfed Bories<\/li>\n<li>SVK: Frank Schap\u00f6hler<\/li>\n<li>SVK: Johannes Neuw\u00f6hner<\/li>\n<\/ul>\n<p><strong>Jungsch\u00fctzen<\/strong><\/p>\n<ul>\n<li>Diamantschliffabzeichen Kreuz-Pfeil in Bronze: Julius Erichsmeier<\/li>\n<\/ul>\n<p><strong>Vereinsverdienstorden<\/strong><\/p>\n<ol>\n<li>Eckhard Rosner<\/li>\n<li>Pascal Hacker<\/li>\n<\/ol>\n<p>&#8212;&#8212;<\/p>\n<p><strong>50 Jahre Mitgliedschaft<\/strong><\/p>\n<ul>\n<li>Wilfried Brockschmidt<\/li>\n<li>Wilfried Erichsmeier<\/li>\n<\/ul>\n<p><strong>25 Jahre Mitgliedschaft<\/strong><\/p>\n<ul>\n<li>Anton Hasenbein<\/li>\n<\/ul>\n<\/div>\n","protected":false},"excerpt":{"rendered":"<p>Sch\u00fctzenfest 2019 Pressberichte: Westfalen-Blatt Sonntag Montag \u2013 Sch\u00fctzenfr\u00fchst\u00fcck Fotostrecken: Fotostrecke vom Sonntag Neue Westf\u00e4lische Sonntag mit Fotostrecke Montag\u00a0 mit Fotostrecke Stadtjournal TV Video auf Facebook &nbsp; weitere Fotos auf unseren &hellip; <a href=\"https:\/\/www.stukenbrock-senne.de\/achatius\/?p=1919\" class=\"more-link\"><span class=\"screen-reader-text\">Sch\u00fctzenfest 2019<\/span> weiterlesen <span class=\"meta-nav\">&rarr;<\/span><\/a><\/p>\n","protected":false},"author":2,"featured_media":0,"comment_status":"closed","ping_status":"open","sticky":false,"template":"","format":"standard","meta":{"_crdt_document":"","footnotes":""},"categories":[1,12],"tags":[],"class_list":["post-1919","post","type-post","status-publish","format-standard","hentry","category-aktuelles","category-schuetzenfest"],"_links":{"self":[{"href":"https:\/\/www.stukenbrock-senne.de\/achatius\/index.php?rest_route=\/wp\/v2\/posts\/1919","targetHints":{"allow":["GET"]}}],"collection":[{"href":"https:\/\/www.stukenbrock-senne.de\/achatius\/index.php?rest_route=\/wp\/v2\/posts"}],"about":[{"href":"https:\/\/www.stukenbrock-senne.de\/achatius\/index.php?rest_route=\/wp\/v2\/types\/post"}],"author":[{"embeddable":true,"href":"https:\/\/www.stukenbrock-senne.de\/achatius\/index.php?rest_route=\/wp\/v2\/users\/2"}],"replies":[{"embeddable":true,"href":"https:\/\/www.stukenbrock-senne.de\/achatius\/index.php?rest_route=%2Fwp%2Fv2%2Fcomments&post=1919"}],"version-history":[{"count":10,"href":"https:\/\/www.stukenbrock-senne.de\/achatius\/index.php?rest_route=\/wp\/v2\/posts\/1919\/revisions"}],"predecessor-version":[{"id":1937,"href":"https:\/\/www.stukenbrock-senne.de\/achatius\/index.php?rest_route=\/wp\/v2\/posts\/1919\/revisions\/1937"}],"wp:attachment":[{"href":"https:\/\/www.stukenbrock-senne.de\/achatius\/index.php?rest_route=%2Fwp%2Fv2%2Fmedia&parent=1919"}],"wp:term":[{"taxonomy":"category","embeddable":true,"href":"https:\/\/www.stukenbrock-senne.de\/achatius\/index.php?rest_route=%2Fwp%2Fv2%2Fcategories&post=1919"},{"taxonomy":"post_tag","embeddable":true,"href":"https:\/\/www.stukenbrock-senne.de\/achatius\/index.php?rest_route=%2Fwp%2Fv2%2Ftags&post=1919"}],"curies":[{"name":"wp","href":"https:\/\/api.w.org\/{rel}","templated":true}]}}