{"id":1902,"date":"2019-05-01T23:45:23","date_gmt":"2019-05-01T21:45:23","guid":{"rendered":"http:\/\/www.stukenbrock-senne.de\/achatius\/?p=1902"},"modified":"2019-05-15T19:38:21","modified_gmt":"2019-05-15T17:38:21","slug":"wir-haben-einen-neuen-hofstaat-2019","status":"publish","type":"post","link":"https:\/\/www.stukenbrock-senne.de\/achatius\/?p=1902","title":{"rendered":"Wir haben einen neuen Hofstaat 2019!"},"content":{"rendered":"<ul>\n<li><strong>K\u00f6nigspaar:<\/strong> Hermann-Josef und Hildegard Brummelte<\/li>\n<li><strong>Ehrenpaar:<\/strong> Annegret Schap\u00f6hler und Dieter L\u00fcke<\/li>\n<li><strong>Ehrenpaar:<\/strong> Silvia und Christian Knoke<\/li>\n<li><strong>Kronprinzenpaar:<\/strong> Robin Schniedermann und Jana Berg<\/li>\n<li><strong>Zepterprinzenpaar:<\/strong> Andreas Hachmann und\u00a0 Annika Prigge<\/li>\n<li><strong>Apfelprinzenpaar:<\/strong> Marcel Mielemeier und Michelle Dreier<\/li>\n<li><strong>Jungsch\u00fctzenprinzenpaar:<\/strong> Florian und Saskia Erichsmeier<\/li>\n<\/ul>\n<p>Allen recht herzlichen Gl\u00fcckwunsch und ein tolles Regentenjahr!<\/p>\n<h5>Zeitungsberichte:<\/h5>\n<ul>\n<li><a href=\"https:\/\/www.westfalen-blatt.de\/OWL\/Kreis-Guetersloh\/Schloss-Holte-Stukenbrock\/3761304-Hermann-Josef-Brummelte-ist-neuer-Koenig-der-St.-Achatius-Schuetzenbruderschaft-Treffer-im-Scheinwerferlicht\">Westfalen-Blatt<\/a><\/li>\n<li><a href=\"https:\/\/www.westfalen-blatt.de\/OWL\/Fotos\/Kreis-Guetersloh\/3759791-Vogelschiessen-St.-Achatius-Schuetzenbruderschaft-Stukenbrock-Senne\">Fotostrecke Westfalen-Blatt<\/a><\/li>\n<\/ul>\n<h1 class=\"tribe-events-single-event-title\">Sch\u00fctzen- und Patronatsfest<\/h1>\n<div id=\"post-1572\" class=\"post-1572 tribe_events type-tribe_events status-publish hentry\">\n<div class=\"tribe-events-single-event-description tribe-events-content\">\n<h5>Samstag 11. Mai<\/h5>\n<ul>\n<li>17.15 Uhr Antreten am Dorfplatz \u2013 Empfang der Gastvereine<\/li>\n<li>17.30 Uhr Messe anschlie\u00dfend Kranzniederlegung am Ehrenmal<\/li>\n<li>ca. gegen 18.45Uhr Aufmarsch auf dem Festplatz<\/li>\n<li>anschlie\u00dfend<strong> Zapfenstreich auf dem Festplatz<\/strong><\/li>\n<li>Tanz mit den Juniors im Festzelt<\/li>\n<li>Sektbar mit DJ Ren\u00e9 Busche<\/li>\n<\/ul>\n<h5>Sonntag 12. Mai<\/h5>\n<ul>\n<li>14.45Uhr Antreten am Dorfplatz \u2013 Empfang der Gastvereine<\/li>\n<li>15.15Uhr Empfang des Hofstaates auf dem Festplatz \u2013 Kr\u00f6nung der K\u00f6nigin \u2013 Festansprachen<\/li>\n<\/ul>\n<h5>Montag 13. Mai<\/h5>\n<ul>\n<li>7.45 Uhr Antreten am Dorfplatz zum Kirchgang<\/li>\n<li>anschlie\u00dfend Fr\u00fchschoppen\u00a0 (f\u00fcr geladene G\u00e4ste) \u2013 Ordensverleihung \u2013 Ernennung des Bierk\u00f6nigs<\/li>\n<li>17.30 Uhr Antreten am Sch\u00fctzenplatz \u2013 Empfang des Hofstaates und des neuen Bierk\u00f6nigspaares\u00a0 auf dem Festplatz \u2013 anschlie\u00dfend Kinderbelustigung<\/li>\n<li>Tanz mit den Juniors und DJ Ren\u00e9 Busche im Festzelt<\/li>\n<\/ul>\n<\/div>\n<\/div>\n","protected":false},"excerpt":{"rendered":"<p>K\u00f6nigspaar: Hermann-Josef und Hildegard Brummelte Ehrenpaar: Annegret Schap\u00f6hler und Dieter L\u00fcke Ehrenpaar: Silvia und Christian Knoke Kronprinzenpaar: Robin Schniedermann und Jana Berg Zepterprinzenpaar: Andreas Hachmann und\u00a0 Annika Prigge Apfelprinzenpaar: Marcel &hellip; <a href=\"https:\/\/www.stukenbrock-senne.de\/achatius\/?p=1902\" class=\"more-link\"><span class=\"screen-reader-text\">Wir haben einen neuen Hofstaat 2019!<\/span> weiterlesen <span class=\"meta-nav\">&rarr;<\/span><\/a><\/p>\n","protected":false},"author":2,"featured_media":0,"comment_status":"closed","ping_status":"open","sticky":false,"template":"","format":"standard","meta":{"_crdt_document":"","footnotes":""},"categories":[1,7,12],"tags":[],"class_list":["post-1902","post","type-post","status-publish","format-standard","hentry","category-aktuelles","category-bruderschaft","category-schuetzenfest"],"_links":{"self":[{"href":"https:\/\/www.stukenbrock-senne.de\/achatius\/index.php?rest_route=\/wp\/v2\/posts\/1902","targetHints":{"allow":["GET"]}}],"collection":[{"href":"https:\/\/www.stukenbrock-senne.de\/achatius\/index.php?rest_route=\/wp\/v2\/posts"}],"about":[{"href":"https:\/\/www.stukenbrock-senne.de\/achatius\/index.php?rest_route=\/wp\/v2\/types\/post"}],"author":[{"embeddable":true,"href":"https:\/\/www.stukenbrock-senne.de\/achatius\/index.php?rest_route=\/wp\/v2\/users\/2"}],"replies":[{"embeddable":true,"href":"https:\/\/www.stukenbrock-senne.de\/achatius\/index.php?rest_route=%2Fwp%2Fv2%2Fcomments&post=1902"}],"version-history":[{"count":8,"href":"https:\/\/www.stukenbrock-senne.de\/achatius\/index.php?rest_route=\/wp\/v2\/posts\/1902\/revisions"}],"predecessor-version":[{"id":1915,"href":"https:\/\/www.stukenbrock-senne.de\/achatius\/index.php?rest_route=\/wp\/v2\/posts\/1902\/revisions\/1915"}],"wp:attachment":[{"href":"https:\/\/www.stukenbrock-senne.de\/achatius\/index.php?rest_route=%2Fwp%2Fv2%2Fmedia&parent=1902"}],"wp:term":[{"taxonomy":"category","embeddable":true,"href":"https:\/\/www.stukenbrock-senne.de\/achatius\/index.php?rest_route=%2Fwp%2Fv2%2Fcategories&post=1902"},{"taxonomy":"post_tag","embeddable":true,"href":"https:\/\/www.stukenbrock-senne.de\/achatius\/index.php?rest_route=%2Fwp%2Fv2%2Ftags&post=1902"}],"curies":[{"name":"wp","href":"https:\/\/api.w.org\/{rel}","templated":true}]}}