{"id":1893,"date":"2019-04-26T12:10:34","date_gmt":"2019-04-26T10:10:34","guid":{"rendered":"http:\/\/www.stukenbrock-senne.de\/achatius\/?p=1893"},"modified":"2019-04-26T12:12:35","modified_gmt":"2019-04-26T10:12:35","slug":"termine-april-mai-2","status":"publish","type":"post","link":"https:\/\/www.stukenbrock-senne.de\/achatius\/?p=1893","title":{"rendered":"Termine April &#8211; Mai"},"content":{"rendered":"<table>\n<tbody>\n<tr>\n<td>\n<h4><strong>April<\/strong><\/h4>\n<\/td>\n<td><\/td>\n<td><\/td>\n<\/tr>\n<tr>\n<td>Sa.<\/td>\n<td>27.4.<\/td>\n<td><strong>Bezirksjungsch\u00fctzentag <\/strong>in Kirchborchen &#8211; Bus f\u00e4hrt um 9.15Uhr ab Austermeier<\/td>\n<\/tr>\n<tr>\n<td>Sa.<\/td>\n<td>27.4.<\/td>\n<td><strong>60Jahre Bunddessch\u00fctzen Blaskapelle H\u00f6velriege <\/strong>Antreten 16.45Uhr Herz-Jesu Kirche in Riege<\/td>\n<\/tr>\n<tr>\n<td>Di.<\/td>\n<td>30.4.<\/td>\n<td>16.15Uhr Antreten <strong>Goldene Hochzeit Hachmann<\/strong><\/p>\n<p><strong>anschlie\u00dfend <\/strong> ca. 17.30 Uhr <strong>Aufbau Vogelschie\u00dfen\u00a0\u00a0 <\/strong><\/td>\n<\/tr>\n<tr>\n<td>\n<h4><strong>Mai<\/strong><\/h4>\n<\/td>\n<td><\/td>\n<td><\/td>\n<\/tr>\n<tr>\n<td>Mi.<\/td>\n<td>1.5.<\/td>\n<td><strong>Vogelschie\u00dfen und Jungsch\u00fctzenprinzenschie\u00dfen<\/strong>\u00a0 Antreten <strong>14.30 Uhr<\/strong><\/p>\n<p><u>Aufbau<\/u> <strong>9 Uhr<\/strong><\/td>\n<\/tr>\n<tr>\n<td>Sa. \u2013 Mo.<\/td>\n<td>11. bis 13.5.<\/td>\n<td><strong>Sch\u00fctzen- und Patronatsfest<\/strong><\/p>\n<p>Aufbau\u00a0\u00a0\u00a0 <strong>Fr. <\/strong>17 Uhr<strong> \/ Sa. <\/strong>9 Uhr<strong> \/ So. <\/strong>10 Uhr\u00a0\u00a0\u00a0\u00a0 Abbau:\u00a0 <strong>Di. <\/strong>9 Uhr<strong>\u00a0 und\u00a0 Mi. <\/strong>17 Uhr<\/p>\n<p><strong>Antreten<em>\u00a0 <\/em>Sa. 17.15 Uhr\u00a0\u00a0 <\/strong>So<strong>. 14.45 Uhr\u00a0\u00a0 <\/strong>Mo<strong>. 7.45 Uhr <\/strong>und <strong>17.30 Uhr<\/strong><\/td>\n<\/tr>\n<\/tbody>\n<\/table>\n","protected":false},"excerpt":{"rendered":"<p>April Sa. 27.4. Bezirksjungsch\u00fctzentag in Kirchborchen &#8211; Bus f\u00e4hrt um 9.15Uhr ab Austermeier Sa. 27.4. 60Jahre Bunddessch\u00fctzen Blaskapelle H\u00f6velriege Antreten 16.45Uhr Herz-Jesu Kirche in Riege Di. 30.4. 16.15Uhr Antreten Goldene &hellip; <a href=\"https:\/\/www.stukenbrock-senne.de\/achatius\/?p=1893\" class=\"more-link\"><span class=\"screen-reader-text\">Termine April &#8211; Mai<\/span> weiterlesen <span class=\"meta-nav\">&rarr;<\/span><\/a><\/p>\n","protected":false},"author":2,"featured_media":0,"comment_status":"closed","ping_status":"open","sticky":false,"template":"","format":"standard","meta":{"_crdt_document":"","footnotes":""},"categories":[1],"tags":[],"class_list":["post-1893","post","type-post","status-publish","format-standard","hentry","category-aktuelles"],"_links":{"self":[{"href":"https:\/\/www.stukenbrock-senne.de\/achatius\/index.php?rest_route=\/wp\/v2\/posts\/1893","targetHints":{"allow":["GET"]}}],"collection":[{"href":"https:\/\/www.stukenbrock-senne.de\/achatius\/index.php?rest_route=\/wp\/v2\/posts"}],"about":[{"href":"https:\/\/www.stukenbrock-senne.de\/achatius\/index.php?rest_route=\/wp\/v2\/types\/post"}],"author":[{"embeddable":true,"href":"https:\/\/www.stukenbrock-senne.de\/achatius\/index.php?rest_route=\/wp\/v2\/users\/2"}],"replies":[{"embeddable":true,"href":"https:\/\/www.stukenbrock-senne.de\/achatius\/index.php?rest_route=%2Fwp%2Fv2%2Fcomments&post=1893"}],"version-history":[{"count":3,"href":"https:\/\/www.stukenbrock-senne.de\/achatius\/index.php?rest_route=\/wp\/v2\/posts\/1893\/revisions"}],"predecessor-version":[{"id":1896,"href":"https:\/\/www.stukenbrock-senne.de\/achatius\/index.php?rest_route=\/wp\/v2\/posts\/1893\/revisions\/1896"}],"wp:attachment":[{"href":"https:\/\/www.stukenbrock-senne.de\/achatius\/index.php?rest_route=%2Fwp%2Fv2%2Fmedia&parent=1893"}],"wp:term":[{"taxonomy":"category","embeddable":true,"href":"https:\/\/www.stukenbrock-senne.de\/achatius\/index.php?rest_route=%2Fwp%2Fv2%2Fcategories&post=1893"},{"taxonomy":"post_tag","embeddable":true,"href":"https:\/\/www.stukenbrock-senne.de\/achatius\/index.php?rest_route=%2Fwp%2Fv2%2Ftags&post=1893"}],"curies":[{"name":"wp","href":"https:\/\/api.w.org\/{rel}","templated":true}]}}