{"id":1350,"date":"2018-05-16T21:22:31","date_gmt":"2018-05-16T19:22:31","guid":{"rendered":"http:\/\/www.stukenbrock-senne.de\/achatius\/?p=1350"},"modified":"2018-05-16T21:22:31","modified_gmt":"2018-05-16T19:22:31","slug":"antreten-auftaktveranstaltung-pastoralverbund","status":"publish","type":"post","link":"https:\/\/www.stukenbrock-senne.de\/achatius\/?p=1350","title":{"rendered":"Antreten Auftaktveranstaltung Pastoralverbund"},"content":{"rendered":"<p>Start des Prozessbeginns zur Bildung des Pastorlen Raumes Verl &#8211; Schlo\u00df-Holte Stukenbrock<\/p>\n<p><strong>Pfingstgottesdienst in der Ostfestfallenhalle<\/strong><br \/>\n<strong>20. Mai 2018 um 10.00 Uhr<\/strong><\/p>\n<p>Parkm\u00f6glichkeiten gibt es an dem Tag an der Halle genug. Ein Busservice, der durch die Gemeinden f\u00e4hrt, nimmt die auf, die keine Transportm\u00f6glichkeit sehen.<\/p>\n<p><strong>Busabfahrt 9:00Uhr ab der St. Achatius Kirche in Stukenbrock-Senne<\/strong><\/p>\n<p>Dieser Gottesdienst wird musikalisch durch Ch\u00f6re aus dem pastoralem Raum gestaltet.<br \/>\nNach der Messe wird zur Begegnung\u00a0 \u00fcber die alten Grenzen hinweg eingeladen bei Essen und Trinken.<\/p>\n<p>Die kirchlichen Verb\u00e4nde, ob Sch\u00fctzen, Kolping, kfd, oder KAB m\u00f6chten Ihre Fahne zum feierlichen Gottesdienst mitbringen.<\/p>\n<p>&nbsp;<\/p>\n","protected":false},"excerpt":{"rendered":"<p>Start des Prozessbeginns zur Bildung des Pastorlen Raumes Verl &#8211; Schlo\u00df-Holte Stukenbrock Pfingstgottesdienst in der Ostfestfallenhalle 20. Mai 2018 um 10.00 Uhr Parkm\u00f6glichkeiten gibt es an dem Tag an der &hellip; <a href=\"https:\/\/www.stukenbrock-senne.de\/achatius\/?p=1350\" class=\"more-link\"><span class=\"screen-reader-text\">Antreten Auftaktveranstaltung Pastoralverbund<\/span> weiterlesen <span class=\"meta-nav\">&rarr;<\/span><\/a><\/p>\n","protected":false},"author":2,"featured_media":0,"comment_status":"closed","ping_status":"open","sticky":false,"template":"","format":"standard","meta":{"_crdt_document":"","footnotes":""},"categories":[1],"tags":[],"class_list":["post-1350","post","type-post","status-publish","format-standard","hentry","category-aktuelles"],"_links":{"self":[{"href":"https:\/\/www.stukenbrock-senne.de\/achatius\/index.php?rest_route=\/wp\/v2\/posts\/1350","targetHints":{"allow":["GET"]}}],"collection":[{"href":"https:\/\/www.stukenbrock-senne.de\/achatius\/index.php?rest_route=\/wp\/v2\/posts"}],"about":[{"href":"https:\/\/www.stukenbrock-senne.de\/achatius\/index.php?rest_route=\/wp\/v2\/types\/post"}],"author":[{"embeddable":true,"href":"https:\/\/www.stukenbrock-senne.de\/achatius\/index.php?rest_route=\/wp\/v2\/users\/2"}],"replies":[{"embeddable":true,"href":"https:\/\/www.stukenbrock-senne.de\/achatius\/index.php?rest_route=%2Fwp%2Fv2%2Fcomments&post=1350"}],"version-history":[{"count":1,"href":"https:\/\/www.stukenbrock-senne.de\/achatius\/index.php?rest_route=\/wp\/v2\/posts\/1350\/revisions"}],"predecessor-version":[{"id":1351,"href":"https:\/\/www.stukenbrock-senne.de\/achatius\/index.php?rest_route=\/wp\/v2\/posts\/1350\/revisions\/1351"}],"wp:attachment":[{"href":"https:\/\/www.stukenbrock-senne.de\/achatius\/index.php?rest_route=%2Fwp%2Fv2%2Fmedia&parent=1350"}],"wp:term":[{"taxonomy":"category","embeddable":true,"href":"https:\/\/www.stukenbrock-senne.de\/achatius\/index.php?rest_route=%2Fwp%2Fv2%2Fcategories&post=1350"},{"taxonomy":"post_tag","embeddable":true,"href":"https:\/\/www.stukenbrock-senne.de\/achatius\/index.php?rest_route=%2Fwp%2Fv2%2Ftags&post=1350"}],"curies":[{"name":"wp","href":"https:\/\/api.w.org\/{rel}","templated":true}]}}