{"id":1329,"date":"2018-05-15T13:09:43","date_gmt":"2018-05-15T11:09:43","guid":{"rendered":"http:\/\/www.stukenbrock-senne.de\/achatius\/?p=1329"},"modified":"2018-05-26T15:13:58","modified_gmt":"2018-05-26T13:13:58","slug":"das-war-schuetzenfest-2018-mit-wolkenbruch-und-den-dorfrockern","status":"publish","type":"post","link":"https:\/\/www.stukenbrock-senne.de\/achatius\/?p=1329","title":{"rendered":"Das war Sch\u00fctzenfest 2018 &#8211; mit Wolkenbruch und den Dorfrockern&#8230;.."},"content":{"rendered":"<figure id=\"attachment_1398\" aria-describedby=\"caption-attachment-1398\" style=\"width: 474px\" class=\"wp-caption alignnone\"><a href=\"https:\/\/www.stukenbrock-senne.de\/achatius\/wp-content\/uploads\/2018\/05\/IMG_8371.jpg\"><img loading=\"lazy\" decoding=\"async\" class=\"size-large wp-image-1398\" src=\"https:\/\/www.stukenbrock-senne.de\/achatius\/wp-content\/uploads\/2018\/05\/IMG_8371-1024x683.jpg\" alt=\"\" width=\"474\" height=\"316\" srcset=\"https:\/\/www.stukenbrock-senne.de\/achatius\/wp-content\/uploads\/2018\/05\/IMG_8371-1024x683.jpg 1024w, https:\/\/www.stukenbrock-senne.de\/achatius\/wp-content\/uploads\/2018\/05\/IMG_8371-300x200.jpg 300w, https:\/\/www.stukenbrock-senne.de\/achatius\/wp-content\/uploads\/2018\/05\/IMG_8371-768x512.jpg 768w\" sizes=\"auto, (max-width: 474px) 100vw, 474px\" \/><\/a><figcaption id=\"caption-attachment-1398\" class=\"wp-caption-text\">Thron 2018 Sven und Gabriele Te\u00dfmann<\/figcaption><\/figure>\n<p><a href=\"https:\/\/www.stukenbrock-senne.de\/achatius\/wp-content\/uploads\/2018\/05\/IMG-20180514-WA0014.jpg\"><img loading=\"lazy\" decoding=\"async\" class=\"alignnone size-large wp-image-1333\" src=\"https:\/\/www.stukenbrock-senne.de\/achatius\/wp-content\/uploads\/2018\/05\/IMG-20180514-WA0014-1024x576.jpg\" alt=\"\" width=\"474\" height=\"267\" srcset=\"https:\/\/www.stukenbrock-senne.de\/achatius\/wp-content\/uploads\/2018\/05\/IMG-20180514-WA0014.jpg 1024w, https:\/\/www.stukenbrock-senne.de\/achatius\/wp-content\/uploads\/2018\/05\/IMG-20180514-WA0014-300x169.jpg 300w, https:\/\/www.stukenbrock-senne.de\/achatius\/wp-content\/uploads\/2018\/05\/IMG-20180514-WA0014-768x432.jpg 768w\" sizes=\"auto, (max-width: 474px) 100vw, 474px\" \/><\/a><\/p>\n<h5>Pressberichte:<\/h5>\n<ul>\n<li>Westfalen-Blatt\n<ul>\n<li><a href=\"http:\/\/www.westfalen-blatt.de\/OWL\/Kreis-Guetersloh\/Schloss-Holte-Stukenbrock\/3297472-Schuetzen-marschieren-in-der-Sonne-und-bringen-sich-rechtzeitig-vorm-Regen-in-Sicherheit-Ein-wundervoller-Anblick\">Sonntag<\/a><\/li>\n<li><a href=\"http:\/\/www.westfalen-blatt.de\/OWL\/Kreis-Guetersloh\/Schloss-Holte-Stukenbrock\/3299826-Bruderschaft-als-Gastgeber-Jungschuetzenmeister-Alexander-Juergens-gibt-einen-Ausblick-Vorfreude-auf-Bundestreffen\">Montag &#8211; Sch\u00fctzenfr\u00fchst\u00fcck<\/a><\/li>\n<li><a href=\"http:\/\/www.westfalen-blatt.de\/OWL\/Kreis-Guetersloh\/Schloss-Holte-Stukenbrock\/3301175-St.-Achatius-Jungschuetzen-haben-Auftritt-der-Partyband-Dorfrocker-gewonnen-Die-Herzen-der-Senner-erobert\">Montag &#8211; Konzert mit den Dorfrockern<\/a><\/li>\n<li>Fotostrecken:\n<ul>\n<li><a href=\"http:\/\/www.westfalen-blatt.de\/OWL\/Fotos\/Kreis-Guetersloh\/Schuetzenfest-St.-Achatius-Stukenbrock-Senne2\">Fotostrecke vom Sonntag<\/a><\/li>\n<li><a href=\"http:\/\/www.westfalen-blatt.de\/OWL\/Fotos\/Kreis-Guetersloh\/Die-Dorfrocker-in-Stukenbrock-Senne\">Fotostrecke vom Konzert der Dorfrocker<\/a><\/li>\n<\/ul>\n<\/li>\n<\/ul>\n<\/li>\n<li>Neue Westf\u00e4lische\n<ul>\n<li><a href=\"http:\/\/www.nw.de\/lokal\/kreis_guetersloh\/schloss_holte_stukenbrock\/22138035_Gabriele-Tessmann-zur-Koenigin-gekroent.html\">Sonntag mit Fotostrecke<\/a><\/li>\n<li><a href=\"http:\/\/www.nw.de\/lokal\/kreis_guetersloh\/schloss_holte_stukenbrock\/22140026_Stukenbrock-Senner-rocken-ihr-Dorf.html\">Montag &#8211; Konzert mit den Dorfrockern und Fotostrecke<\/a><\/li>\n<\/ul>\n<\/li>\n<li>Stadtjournal TV\n<ul>\n<li><a href=\"http:\/\/www.stadtjournal.tv\/vogelschiessen-stukenbrock-senne-2018\/\">Video vom Vogelschie\u00dfen<\/a><\/li>\n<li><a href=\"http:\/\/www.stadtjournal.tv\/schuetzenfest-stukenbrock-senne-2018\/\">Video vom Sch\u00fctzenfest<\/a><\/li>\n<\/ul>\n<\/li>\n<\/ul>\n<p><a href=\"https:\/\/www.stukenbrock-senne.de\/achatius\/wp-content\/uploads\/2018\/05\/20180514_101017-e1526382530247.jpg\"><img loading=\"lazy\" decoding=\"async\" class=\"alignnone size-large wp-image-1330\" src=\"https:\/\/www.stukenbrock-senne.de\/achatius\/wp-content\/uploads\/2018\/05\/20180514_101017-e1526382530247-1024x576.jpg\" alt=\"\" width=\"474\" height=\"267\" srcset=\"https:\/\/www.stukenbrock-senne.de\/achatius\/wp-content\/uploads\/2018\/05\/20180514_101017-e1526382530247-1024x576.jpg 1024w, https:\/\/www.stukenbrock-senne.de\/achatius\/wp-content\/uploads\/2018\/05\/20180514_101017-e1526382530247-300x169.jpg 300w, https:\/\/www.stukenbrock-senne.de\/achatius\/wp-content\/uploads\/2018\/05\/20180514_101017-e1526382530247-768x432.jpg 768w\" sizes=\"auto, (max-width: 474px) 100vw, 474px\" \/><\/a><\/p>\n<p>weitere Fotos auf unseren Facebook- Seiten<\/p>\n<h5>Ehrungen:<\/h5>\n<p><strong>St. Sebastianus Ehrenkreuz<\/strong><\/p>\n<ul>\n<li>Wolfgang Rudolphi<\/li>\n<\/ul>\n<p><strong>Hoher Bruderschaftsorden:<\/strong><\/p>\n<ul>\n<li>G\u00fcnter Biermeier<\/li>\n<\/ul>\n<p><strong>Silbernes Verdienstkreuz:<\/strong><\/p>\n<ul>\n<li>Hans-Dieter L\u00fcke<\/li>\n<li>Johannes Neuw\u00f6hner<\/li>\n<\/ul>\n<p><strong>Vereinsverdienstorden<\/strong><\/p>\n<ul>\n<li>Dirk Renneke<\/li>\n<\/ul>\n<p><strong>Di\u00f6zesanverdienstorden der Jugend in Silber<\/strong><\/p>\n<ul>\n<li>Alexander J\u00fcrgens<\/li>\n<\/ul>\n<p><strong>Ehrenmitglied im<\/strong> <strong>BDSJ Vorstand Bezirk Paderborn-Land<\/strong><\/p>\n<ul>\n<li>Daniel Heising<\/li>\n<\/ul>\n<p><strong>Diamantschliffabzeichen \u201eKreuz-Pfeil\u201c in Bronze<\/strong><\/p>\n<ul>\n<li>Florian Erichsmeier<\/li>\n<\/ul>\n<p><strong>50 Jahre Mitgliedschaft<\/strong><\/p>\n<ul>\n<li>Rudi Draganski<\/li>\n<li>Josef Delker<\/li>\n<li>Reinhard Schonsko<\/li>\n<\/ul>\n<p><strong>25 Jahre Mitgliedschaft:<\/strong><\/p>\n<ul>\n<li>Bernhard Bader<\/li>\n<li>Gerhard Brink<\/li>\n<li>Sascha Manara<\/li>\n<li>Thomas Mersch<\/li>\n<li>Konrad Pauleikhoff<\/li>\n<li>Hans-J\u00fcrgen Schr\u00f6der<\/li>\n<li>Karl-Heinz Seipolt<\/li>\n<\/ul>\n<h5>Wallfahrtsorden<\/h5>\n<p><strong>Romfahrt<\/strong><\/p>\n<ul>\n<li>Julius Erichsmeier<\/li>\n<\/ul>\n<p><strong>Mallorca &#8222;Stern von Spanien&#8220;<\/strong><\/p>\n<ul>\n<li>Florian Aschoff<\/li>\n<\/ul>\n","protected":false},"excerpt":{"rendered":"<p>Pressberichte: Westfalen-Blatt Sonntag Montag &#8211; Sch\u00fctzenfr\u00fchst\u00fcck Montag &#8211; Konzert mit den Dorfrockern Fotostrecken: Fotostrecke vom Sonntag Fotostrecke vom Konzert der Dorfrocker Neue Westf\u00e4lische Sonntag mit Fotostrecke Montag &#8211; Konzert mit &hellip; <a href=\"https:\/\/www.stukenbrock-senne.de\/achatius\/?p=1329\" class=\"more-link\"><span class=\"screen-reader-text\">Das war Sch\u00fctzenfest 2018 &#8211; mit Wolkenbruch und den Dorfrockern&#8230;..<\/span> weiterlesen <span class=\"meta-nav\">&rarr;<\/span><\/a><\/p>\n","protected":false},"author":2,"featured_media":0,"comment_status":"closed","ping_status":"open","sticky":false,"template":"","format":"standard","meta":{"_crdt_document":"","footnotes":""},"categories":[1,12,11],"tags":[],"class_list":["post-1329","post","type-post","status-publish","format-standard","hentry","category-aktuelles","category-schuetzenfest","category-veranstaltungen-berichte"],"_links":{"self":[{"href":"https:\/\/www.stukenbrock-senne.de\/achatius\/index.php?rest_route=\/wp\/v2\/posts\/1329","targetHints":{"allow":["GET"]}}],"collection":[{"href":"https:\/\/www.stukenbrock-senne.de\/achatius\/index.php?rest_route=\/wp\/v2\/posts"}],"about":[{"href":"https:\/\/www.stukenbrock-senne.de\/achatius\/index.php?rest_route=\/wp\/v2\/types\/post"}],"author":[{"embeddable":true,"href":"https:\/\/www.stukenbrock-senne.de\/achatius\/index.php?rest_route=\/wp\/v2\/users\/2"}],"replies":[{"embeddable":true,"href":"https:\/\/www.stukenbrock-senne.de\/achatius\/index.php?rest_route=%2Fwp%2Fv2%2Fcomments&post=1329"}],"version-history":[{"count":20,"href":"https:\/\/www.stukenbrock-senne.de\/achatius\/index.php?rest_route=\/wp\/v2\/posts\/1329\/revisions"}],"predecessor-version":[{"id":1404,"href":"https:\/\/www.stukenbrock-senne.de\/achatius\/index.php?rest_route=\/wp\/v2\/posts\/1329\/revisions\/1404"}],"wp:attachment":[{"href":"https:\/\/www.stukenbrock-senne.de\/achatius\/index.php?rest_route=%2Fwp%2Fv2%2Fmedia&parent=1329"}],"wp:term":[{"taxonomy":"category","embeddable":true,"href":"https:\/\/www.stukenbrock-senne.de\/achatius\/index.php?rest_route=%2Fwp%2Fv2%2Fcategories&post=1329"},{"taxonomy":"post_tag","embeddable":true,"href":"https:\/\/www.stukenbrock-senne.de\/achatius\/index.php?rest_route=%2Fwp%2Fv2%2Ftags&post=1329"}],"curies":[{"name":"wp","href":"https:\/\/api.w.org\/{rel}","templated":true}]}}