{"id":3900,"global_id":"www.stukenbrock-senne.de\/achatius?id=3900","global_id_lineage":["www.stukenbrock-senne.de\/achatius?id=3900"],"author":"2","status":"publish","date":"2025-05-23 20:52:10","date_utc":"2025-05-23 18:52:10","modified":"2025-05-23 21:02:13","modified_utc":"2025-05-23 19:02:13","url":"https:\/\/www.stukenbrock-senne.de\/achatius\/?tribe_events=fronleichnam-prozession-in-schloss-holte","rest_url":"https:\/\/www.stukenbrock-senne.de\/achatius\/index.php?rest_route=\/tribe\/events\/v1\/events\/3900","title":"Fronleichnam Prozession in Schlo\u00df Holte","description":"<p>Antreten zur Fronleichnams-Prozession um 8:45 Uhr in St. Ursula<\/p>\n<p>Kirchstra\u00dfe 5 in Schlo\u00df Holte<\/p>","excerpt":"","slug":"fronleichnam-prozession-in-schloss-holte","image":false,"all_day":false,"start_date":"2025-06-19 09:00:00","start_date_details":{"year":"2025","month":"06","day":"19","hour":"09","minutes":"00","seconds":"00"},"end_date":"2025-06-19 13:00:00","end_date_details":{"year":"2025","month":"06","day":"19","hour":"13","minutes":"00","seconds":"00"},"utc_start_date":"2025-06-19 07:00:00","utc_start_date_details":{"year":"2025","month":"06","day":"19","hour":"07","minutes":"00","seconds":"00"},"utc_end_date":"2025-06-19 11:00:00","utc_end_date_details":{"year":"2025","month":"06","day":"19","hour":"11","minutes":"00","seconds":"00"},"timezone":"Europe\/Berlin","timezone_abbr":"CEST","cost":"","cost_details":{"currency_symbol":"\u20ac","currency_code":"USD","currency_position":"suffix","values":[]},"website":"","show_map":true,"show_map_link":true,"hide_from_listings":false,"sticky":false,"featured":false,"categories":[],"tags":[],"venue":[],"organizer":[],"custom_fields":[],"json_ld":{"@context":"http:\/\/schema.org","@type":"Event","name":"Fronleichnam Prozession in Schlo\u00df Holte","description":"&lt;p&gt;Antreten zur Fronleichnams-Prozession um 8:45 Uhr in St. Ursula Kirchstra\u00dfe 5 in Schlo\u00df Holte&lt;\/p&gt;\\n","url":"https:\/\/www.stukenbrock-senne.de\/achatius\/?tribe_events=fronleichnam-prozession-in-schloss-holte","eventAttendanceMode":"https:\/\/schema.org\/OfflineEventAttendanceMode","eventStatus":"https:\/\/schema.org\/EventScheduled","startDate":"2025-06-19T09:00:00+02:00","endDate":"2025-06-19T13:00:00+02:00","performer":"Organization"}}